{"id":1096,"date":"2013-06-27T11:11:31","date_gmt":"2013-06-27T09:11:31","guid":{"rendered":"http:\/\/xn--pntanell-65a.de\/?p=1096"},"modified":"2013-06-27T11:11:31","modified_gmt":"2013-06-27T09:11:31","slug":"die-sache-mit-der-salbe","status":"publish","type":"post","link":"http:\/\/xn--pntanell-65a.de\/?p=1096","title":{"rendered":"Die Sache mit der Salbe"},"content":{"rendered":"<p>Wie ich hier schon h\u00e4ufiger geschrieben habe, bin ich dem Herrgott jeden Morgen dankbar daf\u00fcr, dass wir f\u00fcr Lina so einen tollen Kindergartenplatz gefunden haben. Die KiTa ist nicht nur in der N\u00e4he unseres Hauses und meines B\u00fcros, sondern es sind dort auch nette Erzieherinnen t\u00e4tig und eigentlich ist alles gut.<\/p>\n<p>Aber&#8230;<\/p>\n<p>Letzte Woche war ja Sommer und da schwitzen nicht nur Erwachsene, sondern auch Kinder. Lina wurde unter der Windel pl\u00f6tzlich schrecklich wund. Zuerst habe ich es mit Eincremen versucht. Dann mit schwarzem Tee und der st\u00e4rkeren Creme. Aber es hat alles nicht genutzt. Am Dienstag musste ich mit ihr eh zum Kinderarzt (aber das ist eine andere Geschichte) und dort stellten wir dann fest, dass Lina sich einen\u00a0 Hautpilz eingefangen hat. Eine passende Salbe habe ich dann auch gleich verschrieben bekommen und in der n\u00e4chstbesten Apotheke abgeholt.<\/p>\n<p>Daheim schmierte ich Lina dann nach Packungsbeilage mit der Creme ein, sobald ich sie wickelte. So langsam stellte sich Linderung ein. Das arme Kind &#8211; das sieht wirklich nicht gut aus und juckt bestimmt wie H\u00f6lle. Aber ich wickele Lina meistens nur zwei Mal am Tag, den Rest der Zeit ist sie im Kindergarten, wo sie auch ein bis zweimal gewickelt wird. Die Erzieherinnen cremen die Kinder dabei h\u00e4ufiger mit Wundsalbe ein, deshalb dachte ich, sie k\u00f6nnten Lina auch mit der Pilzcreme einreiben und bat Erik darum, die Creme in die KiTa mitzunehmen. F\u00fcr daheim will ich dann eine zweite Tube kaufen.<\/p>\n<p>Die Geschichte bis hierher w\u00e4re nun keinen Blogeintrag wert. Wenn sich die Erzieherinnen heute morgen nicht geweigert h\u00e4tten, Lina mit der Pilzsalbe einzucremen. Erik ist ein wenig eskaliert&#8230;.<\/p>\n<p>Nun ist es so, dass Erzieherinnen in Kinderg\u00e4rten den Kindern keine Medizin geben d\u00fcrfen. Auch anderes p\u00e4dagogisches Personal darf das nicht. Zum Beispiel darf meine Mutter als Betreuerin in einer OGATA nicht den Kindern eine Sportsalbe auf den Kn\u00f6chel geben, wenn sie beim Spielen umgeknickt sind.<\/p>\n<p>Jetzt darf ich also zum Kinderarzt traben und dort eine Bescheinigung abholen (2,50Euronen&#8230;), in den Kindergarten schleppen und dort vorlegen. *tieferseufzer* Echt kompliziert das Ganze. Aber zumindest das. Andere KiTas sind da noch viel strenger.<\/p>\n<p>Aber irgendwie kann ich die Erzieherinnen da auch verstehen. Die Gruppenleiterin von Lina berichtete, dass sie mal angezeigt worden ist wegen K\u00f6rperverletzung, weil sie ein Kind mit Sonnencreme eingerieben hat. Auch mussten wir unterschreiben, dass Lina mit Sonnencreme eingerieben werden darf.<\/p>\n<p>In was f\u00fcr einem Land leben wir eigentlich?!?!? Und warum muss alles wegen ein paar Idioten so mkompliziert gemacht werden? *tieferSeufzer*<\/p>\n","protected":false},"excerpt":{"rendered":"<p>Wie ich hier schon h\u00e4ufiger geschrieben habe, bin ich dem Herrgott jeden Morgen dankbar daf\u00fcr, dass wir f\u00fcr Lina so einen tollen Kindergartenplatz gefunden haben. Die KiTa ist nicht nur in der N\u00e4he unseres Hauses und meines B\u00fcros, sondern es sind dort auch nette Erzieherinnen t\u00e4tig und eigentlich ist alles gut. Aber&#8230; Letzte Woche war [&hellip;]<\/p>\n","protected":false},"author":1,"featured_media":0,"comment_status":"open","ping_status":"open","sticky":false,"template":"","format":"standard","meta":{"ngg_post_thumbnail":0},"categories":[7],"tags":[],"_links":{"self":[{"href":"http:\/\/xn--pntanell-65a.de\/index.php?rest_route=\/wp\/v2\/posts\/1096"}],"collection":[{"href":"http:\/\/xn--pntanell-65a.de\/index.php?rest_route=\/wp\/v2\/posts"}],"about":[{"href":"http:\/\/xn--pntanell-65a.de\/index.php?rest_route=\/wp\/v2\/types\/post"}],"author":[{"embeddable":true,"href":"http:\/\/xn--pntanell-65a.de\/index.php?rest_route=\/wp\/v2\/users\/1"}],"replies":[{"embeddable":true,"href":"http:\/\/xn--pntanell-65a.de\/index.php?rest_route=%2Fwp%2Fv2%2Fcomments&post=1096"}],"version-history":[{"count":6,"href":"http:\/\/xn--pntanell-65a.de\/index.php?rest_route=\/wp\/v2\/posts\/1096\/revisions"}],"predecessor-version":[{"id":1102,"href":"http:\/\/xn--pntanell-65a.de\/index.php?rest_route=\/wp\/v2\/posts\/1096\/revisions\/1102"}],"wp:attachment":[{"href":"http:\/\/xn--pntanell-65a.de\/index.php?rest_route=%2Fwp%2Fv2%2Fmedia&parent=1096"}],"wp:term":[{"taxonomy":"category","embeddable":true,"href":"http:\/\/xn--pntanell-65a.de\/index.php?rest_route=%2Fwp%2Fv2%2Fcategories&post=1096"},{"taxonomy":"post_tag","embeddable":true,"href":"http:\/\/xn--pntanell-65a.de\/index.php?rest_route=%2Fwp%2Fv2%2Ftags&post=1096"}],"curies":[{"name":"wp","href":"https:\/\/api.w.org\/{rel}","templated":true}]}}