{"id":1144,"date":"2013-08-05T17:41:14","date_gmt":"2013-08-05T15:41:14","guid":{"rendered":"http:\/\/xn--pntanell-65a.de\/?p=1144"},"modified":"2013-08-05T17:41:14","modified_gmt":"2013-08-05T15:41:14","slug":"pferdemadchen","status":"publish","type":"post","link":"http:\/\/xn--pntanell-65a.de\/?p=1144","title":{"rendered":"Pferdem\u00e4dchen"},"content":{"rendered":"<p>Weil die Geschichten von Erfahrungen als Pferdem\u00e4dchen derzeit durch meinen Teil des Internets schwappen, sehe ich mich gezwungen, auch meine Erlebnisse hierzu zu erz\u00e4hlen. Denn schlie\u00dflich bin ich bei Warendorf aufgewachsen.<\/p>\n<p>Wenn ich irgendwo auf dieser Welt erz\u00e4hle, wo ich aufgewachsen bin und uns im M\u00fcnsterland ein wenig genauer zu lokalisieren, sagt (fast) jeder \u00fcber Warendorf: &#8222;Ah! Pferde!&#8220; Die andere H\u00e4lfte assoziiert mit Warendorf die Bundeswehrsportschule.<\/p>\n<p>Bei uns gibt es tats\u00e4chlich an gef\u00fchlt jeder zweiten Ecke einen Reiterhof. \u00dcberall stehen Pferde in der Gegend herum. Viele Familien haben sogar ein eigenes Pferd. Das ist in dieser Gegend nichts wirklich besonderes. Auch das Gest\u00fct in Warendorf geh\u00f6rt einfach dazu. Genaus so wie die Hengstparade im Herbst. Irgendwie war jeder mal da und wir haben uns dann halt einfach die Generalprobe angschaut. Damals war die Hengstparade \u00fcbrigens noch nicht moderiert &#8211; heute ist sie mehr Show, denn (Leistungs-)Schau.<\/p>\n<p>Als kleines M\u00e4dchen war ich auf der Kirmes immer in der N\u00e4he der Ponies zu finden, die ihr daheim darin fristeten, im Kreis zu laufen. Damals fand ich das nat\u00fcrlich superdupertoll, heute weiss ich, was f\u00fcr eine Tierqu\u00e4lerei das ist.<\/p>\n<p>In der Pubert\u00e4t hatte ich so rein gar kein Interesse an Pferden und konnte diese gesteigerte M\u00e4dchenbegeisterung an Pferden nie wirklich nachvollziehen. Pferde sind gro\u00df, wenn man da runterf\u00e4llt, tut man sich weh und sie bedeuten jede Menge Arbeit. Danke, nein. Meine Tierliebe war schon immer eher Katzen zugetan, denn anderen Tieren.<\/p>\n<p>Meine Schwester hingegen ist sogar jahrelang zum Voltigieren gegangen. Das ist eine f\u00fcr mich noch abstrusere Vorstellung: Auf einem Pferder\u00fccken auch noch rumturnen!<br \/>\nUnd die T\u00f6chter unserer Nachbarn hatten damals Pferde. Diese wurden Florina und Nado genannt. Und zu einem Geburtstag habe ich eine Runde auf dem Pferd geschenkt bekommen. Das war schon toll, auch wenn ich in meiner Erinnerung sehr gro\u00dfe Probleme hatte, den Pferder\u00fcck zu erreichen.<\/p>\n<p><a href=\"http:\/\/xn--pntanell-65a.de\/wp-content\/uploads\/2013\/08\/pferd.jpg\"><img decoding=\"async\" loading=\"lazy\" class=\"aligncenter size-medium wp-image-1148\" alt=\"pferd\" src=\"http:\/\/xn--pntanell-65a.de\/wp-content\/uploads\/2013\/08\/pferd-203x300.jpg\" width=\"203\" height=\"300\" srcset=\"http:\/\/xn--pntanell-65a.de\/wp-content\/uploads\/2013\/08\/pferd-203x300.jpg 203w, http:\/\/xn--pntanell-65a.de\/wp-content\/uploads\/2013\/08\/pferd.jpg 694w\" sizes=\"(max-width: 203px) 100vw, 203px\" \/><\/a><\/p>\n<p>Und ja, ich hatte damals wirklich sehr kurze Haare. Das da auf dem Pferd bin tats\u00e4chlich ich.<\/p>\n<p>Weitere Pferdem\u00e4dchengeschichten bei <a href=\"http:\/\/www.vorspeisenplatte.de\/speisen\/2013\/08\/als-pferdemadchen-gescheitert.htm\">In\u00e9s<\/a>, <a href=\"http:\/\/silenttiffy.de\/2013\/07\/mein-leben-als-pferdemadchen-eine-verfallsgeschichte\/\">Alexandra<\/a>, <a href=\"http:\/\/anneschuessler.com\/2013\/07\/31\/wie-ich-zweimal-versuchte-ein-pferdemadchen-zu-werden-und-zweimal-scheiterte\/\">Anne, <\/a><a href=\"http:\/\/ellebil.wordpress.com\/2013\/07\/31\/sattel-fest-den-fus-im-bugel\/\">Charlotte<\/a> und <a href=\"http:\/\/www.jawl.net\/pferdemaedchen\/2013-08-02\/\">Christian<\/a>.<\/p>\n","protected":false},"excerpt":{"rendered":"<p>Weil die Geschichten von Erfahrungen als Pferdem\u00e4dchen derzeit durch meinen Teil des Internets schwappen, sehe ich mich gezwungen, auch meine Erlebnisse hierzu zu erz\u00e4hlen. Denn schlie\u00dflich bin ich bei Warendorf aufgewachsen. Wenn ich irgendwo auf dieser Welt erz\u00e4hle, wo ich aufgewachsen bin und uns im M\u00fcnsterland ein wenig genauer zu lokalisieren, sagt (fast) jeder \u00fcber [&hellip;]<\/p>\n","protected":false},"author":1,"featured_media":0,"comment_status":"open","ping_status":"open","sticky":false,"template":"","format":"standard","meta":{"ngg_post_thumbnail":0},"categories":[1],"tags":[],"_links":{"self":[{"href":"http:\/\/xn--pntanell-65a.de\/index.php?rest_route=\/wp\/v2\/posts\/1144"}],"collection":[{"href":"http:\/\/xn--pntanell-65a.de\/index.php?rest_route=\/wp\/v2\/posts"}],"about":[{"href":"http:\/\/xn--pntanell-65a.de\/index.php?rest_route=\/wp\/v2\/types\/post"}],"author":[{"embeddable":true,"href":"http:\/\/xn--pntanell-65a.de\/index.php?rest_route=\/wp\/v2\/users\/1"}],"replies":[{"embeddable":true,"href":"http:\/\/xn--pntanell-65a.de\/index.php?rest_route=%2Fwp%2Fv2%2Fcomments&post=1144"}],"version-history":[{"count":7,"href":"http:\/\/xn--pntanell-65a.de\/index.php?rest_route=\/wp\/v2\/posts\/1144\/revisions"}],"predecessor-version":[{"id":1152,"href":"http:\/\/xn--pntanell-65a.de\/index.php?rest_route=\/wp\/v2\/posts\/1144\/revisions\/1152"}],"wp:attachment":[{"href":"http:\/\/xn--pntanell-65a.de\/index.php?rest_route=%2Fwp%2Fv2%2Fmedia&parent=1144"}],"wp:term":[{"taxonomy":"category","embeddable":true,"href":"http:\/\/xn--pntanell-65a.de\/index.php?rest_route=%2Fwp%2Fv2%2Fcategories&post=1144"},{"taxonomy":"post_tag","embeddable":true,"href":"http:\/\/xn--pntanell-65a.de\/index.php?rest_route=%2Fwp%2Fv2%2Ftags&post=1144"}],"curies":[{"name":"wp","href":"https:\/\/api.w.org\/{rel}","templated":true}]}}