{"id":1159,"date":"2013-08-12T08:26:26","date_gmt":"2013-08-12T06:26:26","guid":{"rendered":"http:\/\/xn--pntanell-65a.de\/?p=1159"},"modified":"2013-08-12T08:26:26","modified_gmt":"2013-08-12T06:26:26","slug":"im-kreis-herum","status":"publish","type":"post","link":"http:\/\/xn--pntanell-65a.de\/?p=1159","title":{"rendered":"Im Kreis herum"},"content":{"rendered":"<p>Gestern war einer dieser Tage, an denen ich als Mama ein paar Tr\u00e4nen der R\u00fchrung in den Augenwinkeln hatte. Und das kam so.<\/p>\n<p>Jedes Jahr im Hochsommer findet in M\u00f6nchengladbach das Eine-Stadt-Fest statt. Zum 01.01.1975 wurden die St\u00e4dte Rheydt und Gladbach &#8211; wie so viele andere in NRW auch &#8211; zu einer Gro\u00dfstadt zusammengefasst. Und &#8211; wie bei so vielen anderen St\u00e4dten in NRW auch &#8211; kann man sich nicht wirklich leiden und schaut gern auf die andere Stadth\u00e4lfte herab. Als Zugezogene ist das recht lustig anzuschauen, aber das soll ein ander Mal Thema eines eigenen Eintrags sein. Aber eben jene Stadtvereinigung ist der Anlass f\u00fcr dieses Fest. Es findet Auf der Brucknerallee bzw Richard-Wagner-Stra\u00dfe statt. Das ist eine sch\u00f6ne Allee, die gr\u00f6\u00dften Teils mit sch\u00f6nen Gr\u00fcnderzeith\u00e4usern bestanden ist und eben unter anderem von Rheydt nach Gladbach f\u00fchrt. Die Fahrtstreifen der Stra\u00dfe sind &#8211; wie es so sch\u00f6n heisst &#8211; baulich getrennt und in der Mitte ist ein breiter Radweg. Fr\u00fcher, als ich noch an der Rheydter Stra\u00dfe wohnte, war das mein t\u00e4glicher Weg ins B\u00fcro.<\/p>\n<p>Entlang dieser Stra\u00dfe werden dann auf etwa 1,5km St\u00e4nde aufgebaut zu einem Fest. Zum einen eine Schlemmermeile, wie es sie in der letzten Zeit h\u00e4ufiger gibt, aber auch eine K\u00fcnstlermeile, wo schniekes Kunsthandwerk verkauft wird, und eine gro\u00dfe B\u00fchne, auf der die \u00fcblichen Coverbands spielen. Also eigentlich nichts wirklich besonderes, aber trotzdem sehr sehr nett. Es herrscht eine entspannte Stimmung, die Leute haben Spa\u00df und es gibt lecker was zu essen. Schon seit ein paar Jahren sind Erik und ich regelm\u00e4\u00dfig zu Gast dort, jetzt mit Lina im Schlepptau.<\/p>\n<p>Am Samstagabend bin ich mit Lina schonmal allein hingefahren, denn es gibt nat\u00fcrlich auch ne H\u00fcpfburg und das kann ich ihr nicht entgehen lassen. Zwar kann Lina noch nicht wirklich h\u00fcpfen, aber sie geniesst es, auf dem schwankenden Gummi hin- und herzulaufen und sich fallen zu lassen. Das findet sie alles ganz ganz toll. Danach gab es dann Pommes f\u00fcr Mutter und Kind. Und als die D\u00e4mmerung einsetzte, war Lina pl\u00f6tzlich nicht mehr zu halten. Die ging, wie von einer Schnur gezogen, zum Kinderkarussell, dass blinkend und glitzernd seine Kreise zog. Das ist nat\u00fclich total Linas Ding. Am Samstag wollte ich Lina noch nicht fahren lassen, da ich wollte, dass Erik mit dabei ist, wenn Lina das erste Mal f\u00e4hrt.<\/p>\n<p>Also war es dann Sonntag soweit. Erik hat Fahrchips geholt und Lina in einen Wagen gesetzt. Und Erik hat sich sicherheitshalber danebengehockt. Lina hatte eine Lenkrad zum Drehen und einen Knopf, der an eine Hupe angeschlossen ist, zum Dr\u00fccken. Das allein hat Lina schon ziemlich gl\u00fccklich gemacht. Aber als das Karussell sich dann zu drehen anfing, stand Lina die Freude klar ins Gescht gezeichnet. Breit grinsend konnte sie gar nicht fassen, wie toll das alles ist.<br \/>\nBei der zweiten Fahrt ist Erik noch bei ihr geblieben, die Dritte hat sie dann ganz allein absolviert. Die vierte Fahrt hat Lina dann in einem kleinen Flugzeug sitzend verbracht, dass ein \u00e4lteres M\u00e4dchen hydraulische steigen gelassen hat. Ganz gro\u00dfes Kino f\u00fcr mein kleines M\u00e4dchen.<br \/>\nUnd Mama stand am Rand und hat gefilmt. Und sich ein Tr\u00e4nchen aus dem Augenwinkel gewischt.<\/p>\n","protected":false},"excerpt":{"rendered":"<p>Gestern war einer dieser Tage, an denen ich als Mama ein paar Tr\u00e4nen der R\u00fchrung in den Augenwinkeln hatte. Und das kam so. Jedes Jahr im Hochsommer findet in M\u00f6nchengladbach das Eine-Stadt-Fest statt. Zum 01.01.1975 wurden die St\u00e4dte Rheydt und Gladbach &#8211; wie so viele andere in NRW auch &#8211; zu einer Gro\u00dfstadt zusammengefasst. Und [&hellip;]<\/p>\n","protected":false},"author":1,"featured_media":0,"comment_status":"open","ping_status":"open","sticky":false,"template":"","format":"standard","meta":{"ngg_post_thumbnail":0},"categories":[7],"tags":[],"_links":{"self":[{"href":"http:\/\/xn--pntanell-65a.de\/index.php?rest_route=\/wp\/v2\/posts\/1159"}],"collection":[{"href":"http:\/\/xn--pntanell-65a.de\/index.php?rest_route=\/wp\/v2\/posts"}],"about":[{"href":"http:\/\/xn--pntanell-65a.de\/index.php?rest_route=\/wp\/v2\/types\/post"}],"author":[{"embeddable":true,"href":"http:\/\/xn--pntanell-65a.de\/index.php?rest_route=\/wp\/v2\/users\/1"}],"replies":[{"embeddable":true,"href":"http:\/\/xn--pntanell-65a.de\/index.php?rest_route=%2Fwp%2Fv2%2Fcomments&post=1159"}],"version-history":[{"count":4,"href":"http:\/\/xn--pntanell-65a.de\/index.php?rest_route=\/wp\/v2\/posts\/1159\/revisions"}],"predecessor-version":[{"id":1163,"href":"http:\/\/xn--pntanell-65a.de\/index.php?rest_route=\/wp\/v2\/posts\/1159\/revisions\/1163"}],"wp:attachment":[{"href":"http:\/\/xn--pntanell-65a.de\/index.php?rest_route=%2Fwp%2Fv2%2Fmedia&parent=1159"}],"wp:term":[{"taxonomy":"category","embeddable":true,"href":"http:\/\/xn--pntanell-65a.de\/index.php?rest_route=%2Fwp%2Fv2%2Fcategories&post=1159"},{"taxonomy":"post_tag","embeddable":true,"href":"http:\/\/xn--pntanell-65a.de\/index.php?rest_route=%2Fwp%2Fv2%2Ftags&post=1159"}],"curies":[{"name":"wp","href":"https:\/\/api.w.org\/{rel}","templated":true}]}}