{"id":1200,"date":"2013-10-01T11:39:50","date_gmt":"2013-10-01T09:39:50","guid":{"rendered":"http:\/\/xn--pntanell-65a.de\/?p=1200"},"modified":"2013-10-01T11:39:50","modified_gmt":"2013-10-01T09:39:50","slug":"lina-im-oktober-kurz-vor-zwei","status":"publish","type":"post","link":"http:\/\/xn--pntanell-65a.de\/?p=1200","title":{"rendered":"Lina im Oktober &#8211; kurz vor zwei"},"content":{"rendered":"<p>N\u00e4chste Woche ist es schon soweit und unsere Prinzessin Morgentau wird schon\/endlich zwei Jahre alt. Und Lina ist nach wie vor ein rechter Dicksch\u00e4del. Wenn etwas nicht _haargenau_ nach ihrem Plan l\u00e4uft, dann wird sie recht schnell recht ungehalten.<\/p>\n<p>Lina wohnt ein wahnsinniger Bewegungsdrang inne. Manchmal verzweifele ich schon fast daran, das Kind m\u00fcdezutoben. Und beim Toben hat Lina vor fast nichts Angst. Sie erklettert alles, tobt \u00fcber St\u00fchle und Sessel. Erklimmt Betten und Sofas, hangelt Leitern hoch und saust jede Rutsche herunter. Sehr zum Leidwesen ihres Vaters, der dann immer einen halben Herzinfarkt bekommt. Ich vertraue Lina da mehr (nat\u00fcrlich passe ich aber auch auf sie auf). Je wilder eine Bewegung und je schneller sich das Karussell dreht, desto lieber ist es ihr.<\/p>\n<p>Mitte September war gro\u00dfe Kirmes in Rheydt. Schon auf dem Eine-Stadt-Fest ist Lina ja auf dem Karussell gefahren. Aber auf der Kirmes gab es eine Baby-Achterbahn, die Lina so richtig doll viel Spa\u00df gemacht hat. Welche Freude so ein Kind doch ausstrahlen kann!!! Zu niedlich. Und dann gab es auch noch Reibekuchen. Und f\u00fcr sie und ihre gro\u00dfe Schwester je einen Hello-Kitty-Heliumballon. Das gab strahlende Augen bei beiden.<\/p>\n<p>Ansonsten kutschiere ich Lina gerne auf dem Rad oder im Anh\u00e4nger durch die Gegend. Letzteres ist ihr aber lieber, weil sie dann mehr Bewegungsfreiheit hat und unterwegs spielen kann. Das Wetter ist zur Zeit ja noch gut genug daf\u00fcr. Aber auch wenn es regnerischer wird, ist sie im H\u00e4nger besser aufgehoben, denn dann muss ich sie gar nicht erst umst\u00e4ndlich in dei Regenhose zw\u00e4ngen. Auch im Winter wird es entspannter: Sie bekommt dann ne Decke oder einen Fu\u00dfsack in den Anh\u00e4nger und wird mollig durch den Schnee gezogen. Aber bis dahin dauert es hoffentlich noch einige Zeit.<\/p>\n<p>Nach wie vor will Lina nicht wirklich sprechen. Es kommen zwar immer mal wieder ein paar Ausdr\u00fccke dazu, aber da ist noch kr\u00e4ftig Luft nach oben. Neu ist, dass sie &#8222;ICHICHICHICHICH&#8220; sagt, wenn sie etwas m\u00f6chte. Und sie nennt man h\u00e4ufig &#8222;Anne&#8220;, weil eine Kinderg\u00e4rtnerin so heisst.<\/p>\n<p>Ansonsten besteht Lina auf ihre kleinen Rituale und ist ziemlich ungl\u00fccklich, wenn etwas nicht wie immer l\u00e4uft: Nach dem Aufstehen und dem Ausziehen des Schlafsacks, muss ihre Schnuller (Lala) an die richtige Stelle der Wickelkommode geh\u00e4ngt werden. Der Schnuller ist auch nur ein richtiger Schnuller, wenn er am B\u00e4ndsel h\u00e4ngt.<br \/>\nWenn ich Lina aus der Kita abhole, dann w\u00fchlt sie als erste meine Tasche durch auf der Suche nach einem Hasenbrot*. Wenn nichts da ist, dann ist sie ungl\u00fccklich. Sie hat schlie\u00dflich einen Ruf als Fressmaschine zu verteidigen.<br \/>\nNachdem die Eingew\u00f6hnungsphase der anderen Kinder in der KiTa nun auch gr\u00f6\u00dftenteils vorbei ist, f\u00fchlt sie sich in der KiTa auch wieder wohler. Das Weinen der anderen Kinder hat sie wohl gestresst. Und nun sind Lina&amp;Co nicht mehr die Kleinen in der kleinen Sonnengruppe, sondern die Gro\u00dfen.<\/p>\n<p>*Hasenbrot ist \u00fcbrigens die westf\u00e4lische Bezeichnung f\u00fcr das wieder mit nach Hause gebrachte Pausenbrot, das dann die Kinder essen d\u00fcrfen.<\/p>\n","protected":false},"excerpt":{"rendered":"<p>N\u00e4chste Woche ist es schon soweit und unsere Prinzessin Morgentau wird schon\/endlich zwei Jahre alt. Und Lina ist nach wie vor ein rechter Dicksch\u00e4del. Wenn etwas nicht _haargenau_ nach ihrem Plan l\u00e4uft, dann wird sie recht schnell recht ungehalten. Lina wohnt ein wahnsinniger Bewegungsdrang inne. Manchmal verzweifele ich schon fast daran, das Kind m\u00fcdezutoben. Und [&hellip;]<\/p>\n","protected":false},"author":1,"featured_media":0,"comment_status":"open","ping_status":"open","sticky":false,"template":"","format":"standard","meta":{"ngg_post_thumbnail":0},"categories":[7],"tags":[],"_links":{"self":[{"href":"http:\/\/xn--pntanell-65a.de\/index.php?rest_route=\/wp\/v2\/posts\/1200"}],"collection":[{"href":"http:\/\/xn--pntanell-65a.de\/index.php?rest_route=\/wp\/v2\/posts"}],"about":[{"href":"http:\/\/xn--pntanell-65a.de\/index.php?rest_route=\/wp\/v2\/types\/post"}],"author":[{"embeddable":true,"href":"http:\/\/xn--pntanell-65a.de\/index.php?rest_route=\/wp\/v2\/users\/1"}],"replies":[{"embeddable":true,"href":"http:\/\/xn--pntanell-65a.de\/index.php?rest_route=%2Fwp%2Fv2%2Fcomments&post=1200"}],"version-history":[{"count":2,"href":"http:\/\/xn--pntanell-65a.de\/index.php?rest_route=\/wp\/v2\/posts\/1200\/revisions"}],"predecessor-version":[{"id":1202,"href":"http:\/\/xn--pntanell-65a.de\/index.php?rest_route=\/wp\/v2\/posts\/1200\/revisions\/1202"}],"wp:attachment":[{"href":"http:\/\/xn--pntanell-65a.de\/index.php?rest_route=%2Fwp%2Fv2%2Fmedia&parent=1200"}],"wp:term":[{"taxonomy":"category","embeddable":true,"href":"http:\/\/xn--pntanell-65a.de\/index.php?rest_route=%2Fwp%2Fv2%2Fcategories&post=1200"},{"taxonomy":"post_tag","embeddable":true,"href":"http:\/\/xn--pntanell-65a.de\/index.php?rest_route=%2Fwp%2Fv2%2Ftags&post=1200"}],"curies":[{"name":"wp","href":"https:\/\/api.w.org\/{rel}","templated":true}]}}