{"id":1457,"date":"2015-01-03T13:10:39","date_gmt":"2015-01-03T11:10:39","guid":{"rendered":"http:\/\/xn--pntanell-65a.de\/?p=1457"},"modified":"2015-01-03T13:10:39","modified_gmt":"2015-01-03T11:10:39","slug":"an-den-kragen-gehen","status":"publish","type":"post","link":"http:\/\/xn--pntanell-65a.de\/?p=1457","title":{"rendered":"An den Kragen gehen"},"content":{"rendered":"<p>Der Winter ist ja vorerst noch nicht zuende, also lohnt es sich noch, diesen kleinen Tipp zu verbreiten.<\/p>\n<p>Hintergrund ist eigentlich, dass ich ungern einen Schal trage. Aber ich habe es gerne warm im Dekollet\u00e9. Insbesondere beim Radfahren. Viele Jacken und insbesondere Blazer kann man nicht bis oben hin zukn\u00f6pfen, weil es ja dann auch doof aussieht. Aber ich habe einen kleinen Workaround gefunden, der nicht weiter auff\u00e4llt, wenn man die Jacke normal tr\u00e4gt. Aber im Bedarfsfall kann man die Jacke sch\u00f6n hoch zumachen.<\/p>\n<p>Dazu habe ich einfach einen kleinen Haken an die eine Ecke des Revers gen\u00e4ht. Und die dazugeh\u00f6rige \u00d6se hae ich passend unter dem Kragen angebracht. Sieht man im normalen Zustand eigenltich gar nicht. Zur Illustration ein paar Bilder.<\/p>\n<p><a href=\"http:\/\/xn--pntanell-65a.de\/wp-content\/uploads\/2015\/01\/wpid-wp-1420282005187.jpeg\"><img decoding=\"async\" loading=\"lazy\" class=\"aligncenter size-medium wp-image-1456\" alt=\"wpid-wp-1420282005187.jpeg\" src=\"http:\/\/xn--pntanell-65a.de\/wp-content\/uploads\/2015\/01\/wpid-wp-1420282005187-222x300.jpeg\" width=\"222\" height=\"300\" srcset=\"http:\/\/xn--pntanell-65a.de\/wp-content\/uploads\/2015\/01\/wpid-wp-1420282005187-222x300.jpeg 222w, http:\/\/xn--pntanell-65a.de\/wp-content\/uploads\/2015\/01\/wpid-wp-1420282005187-759x1024.jpeg 759w\" sizes=\"(max-width: 222px) 100vw, 222px\" \/><\/a><\/p>\n<p>So sieht der rote Wollblazer im Normalzustand aus.<\/p>\n<p><a href=\"http:\/\/xn--pntanell-65a.de\/wp-content\/uploads\/2015\/01\/wpid-wp-1420281998372.jpeg\"><img decoding=\"async\" loading=\"lazy\" class=\"aligncenter size-medium wp-image-1455\" alt=\"wpid-wp-1420281998372.jpeg\" src=\"http:\/\/xn--pntanell-65a.de\/wp-content\/uploads\/2015\/01\/wpid-wp-1420281998372-300x222.jpeg\" width=\"300\" height=\"222\" srcset=\"http:\/\/xn--pntanell-65a.de\/wp-content\/uploads\/2015\/01\/wpid-wp-1420281998372-300x222.jpeg 300w, http:\/\/xn--pntanell-65a.de\/wp-content\/uploads\/2015\/01\/wpid-wp-1420281998372-1024x759.jpeg 1024w\" sizes=\"(max-width: 300px) 100vw, 300px\" \/><\/a><\/p>\n<p>So habe ich den Haken und die dazugeh\u00f6rige \u00d6se angebracht.<\/p>\n<p><a href=\"http:\/\/xn--pntanell-65a.de\/wp-content\/uploads\/2015\/01\/wpid-wp-1420281931178.jpeg\"><img decoding=\"async\" loading=\"lazy\" class=\"aligncenter size-medium wp-image-1454\" alt=\"wpid-wp-1420281931178.jpeg\" src=\"http:\/\/xn--pntanell-65a.de\/wp-content\/uploads\/2015\/01\/wpid-wp-1420281931178-222x300.jpeg\" width=\"222\" height=\"300\" srcset=\"http:\/\/xn--pntanell-65a.de\/wp-content\/uploads\/2015\/01\/wpid-wp-1420281931178-222x300.jpeg 222w, http:\/\/xn--pntanell-65a.de\/wp-content\/uploads\/2015\/01\/wpid-wp-1420281931178-759x1024.jpeg 759w\" sizes=\"(max-width: 222px) 100vw, 222px\" \/><\/a><\/p>\n<p>Und so sieht die Jacke dann im zus\u00e4tzlich geschlossenen Zustand aus.<\/p>\n<p>Da Haken und \u00d6se eigentlich nicht viel kosten, aber man sie nur in gr\u00f6\u00dferen Packungen bekommen kann, so helfe ich gerne mit einzelnen aus!<\/p>\n","protected":false},"excerpt":{"rendered":"<p>Der Winter ist ja vorerst noch nicht zuende, also lohnt es sich noch, diesen kleinen Tipp zu verbreiten. Hintergrund ist eigentlich, dass ich ungern einen Schal trage. Aber ich habe es gerne warm im Dekollet\u00e9. Insbesondere beim Radfahren. Viele Jacken und insbesondere Blazer kann man nicht bis oben hin zukn\u00f6pfen, weil es ja dann auch [&hellip;]<\/p>\n","protected":false},"author":1,"featured_media":0,"comment_status":"open","ping_status":"open","sticky":false,"template":"","format":"standard","meta":{"ngg_post_thumbnail":0},"categories":[3],"tags":[],"_links":{"self":[{"href":"http:\/\/xn--pntanell-65a.de\/index.php?rest_route=\/wp\/v2\/posts\/1457"}],"collection":[{"href":"http:\/\/xn--pntanell-65a.de\/index.php?rest_route=\/wp\/v2\/posts"}],"about":[{"href":"http:\/\/xn--pntanell-65a.de\/index.php?rest_route=\/wp\/v2\/types\/post"}],"author":[{"embeddable":true,"href":"http:\/\/xn--pntanell-65a.de\/index.php?rest_route=\/wp\/v2\/users\/1"}],"replies":[{"embeddable":true,"href":"http:\/\/xn--pntanell-65a.de\/index.php?rest_route=%2Fwp%2Fv2%2Fcomments&post=1457"}],"version-history":[{"count":3,"href":"http:\/\/xn--pntanell-65a.de\/index.php?rest_route=\/wp\/v2\/posts\/1457\/revisions"}],"predecessor-version":[{"id":1460,"href":"http:\/\/xn--pntanell-65a.de\/index.php?rest_route=\/wp\/v2\/posts\/1457\/revisions\/1460"}],"wp:attachment":[{"href":"http:\/\/xn--pntanell-65a.de\/index.php?rest_route=%2Fwp%2Fv2%2Fmedia&parent=1457"}],"wp:term":[{"taxonomy":"category","embeddable":true,"href":"http:\/\/xn--pntanell-65a.de\/index.php?rest_route=%2Fwp%2Fv2%2Fcategories&post=1457"},{"taxonomy":"post_tag","embeddable":true,"href":"http:\/\/xn--pntanell-65a.de\/index.php?rest_route=%2Fwp%2Fv2%2Ftags&post=1457"}],"curies":[{"name":"wp","href":"https:\/\/api.w.org\/{rel}","templated":true}]}}