{"id":1498,"date":"2015-04-10T10:19:02","date_gmt":"2015-04-10T08:19:02","guid":{"rendered":"http:\/\/xn--pntanell-65a.de\/?p=1498"},"modified":"2015-04-10T10:19:02","modified_gmt":"2015-04-10T08:19:02","slug":"kita-streik-am-montag-13-04-2015","status":"publish","type":"post","link":"http:\/\/xn--pntanell-65a.de\/?p=1498","title":{"rendered":"KiTa Streik am Montag 13.04.2015"},"content":{"rendered":"<p>Am kommenden Montag wird unsere KiTa bestreikt. In den n\u00e4chsten Wochen k\u00f6nnte es sein, dass die KiTa sogar eine ganze Woche bestreikt wird.<\/p>\n<p>Anlass genug, um meine Meinung mal in einen Blogeintrag zu giessen.<\/p>\n<p>Das Streikrecht ist f\u00fcr mich eine der S\u00e4ulen unserer Demokratie. Jeder darf Mitglied in einer Gewerkschaft sein. Und jeder soll streiken d\u00fcrfen.<\/p>\n<p>Des weiteren bekommen unsere Erzieherinnen und Erzieher zu wenig Gehalt. Insbesondere in Anbetracht der Verantwortung, die sie tragen. Und auch, wenn man sich betrachtet, wie lang die Ausbildung dauert. Es ist wichtig, die Erzieherberufe attraktiv zu machen, damit diese auch von f\u00e4higen Leuten ergriffen werden und nicht von Menschen, die nichts besseres finden.<\/p>\n<p>Die Streiks verfolgen also hehre Ziele, die ich aus vollem Herzen unterst\u00fctze.<\/p>\n<p>Aber ich halte einen Streik in einer KiTa f\u00fcr das falsche Mittel.<\/p>\n<p>Wenn bei Ford am Band gestreikt wird, dann schadet das in erster Linie Ford. Wenn bei keine Kohle mehr abgebaut wird, dann kann diese nicht verkauft werden und der Zechenbetreiber hat harte Umsatzeinbu\u00dfen. Wenn die M\u00fcllabfuhr streikt und sich der Dreck auf den Stra\u00dfen stapelt, so steigt zumindest der gesellschaftliche Durck. Und so weiter und so fort.<br \/>\nAber bei diesen Streiks liegt es in H\u00e4nden der Gesch\u00e4digten, den Streik zu beenden.<\/p>\n<p>Im Gegensatz dazu ein Streik in einer KiTa.<br \/>\nGesch\u00e4digt sind in erster Linie die Kinder. Meine geht sehr gern in die KiTa und freut sich darauf, mit ihren Kumpels zu spielen. Kinder brauchen Regelm\u00e4\u00dfigkeit. Aus dieser Routine wird Lina gerissen.<\/p>\n<p>Gesch\u00e4digt sind nat\u00fcrlich auch die Eltern: Wir m\u00fcssen sehen, wo wir das Kind unterbringen. Zur Not m\u00fcssen wir Urlaub nehmen, um unser Kind zu betreuen. Und meinen Urlaub will ich eigentlich sinnvoller verplanen, als spontan mal eben das Kind zu betreuen. Des weiteren bleibt meine Arbeit liegen und muss eventuell durch Kollegen erledigt werden.<\/p>\n<p>Am meisten \u00e4rgert mich aber, dass ich keine M\u00f6glichkeit habe, den Streik zu beenden. Ich bin die Leidtragende und kann nichts machen. Ich stehe der Sache ohnm\u00e4chtig gegen\u00fcber.<br \/>\nEiner Angela Merkel oder einer Hannelore Kraft oder sogar einem Hans Wilhelm Reimers ist es doch total egal, ob die KiTa bestreikt wird. Sie haben dadurch keine Umsatzeinbu\u00dfen oder sonstige Erschwernisse in ihrem Alltag zu ertragen. Ich hoffe, dass sich kreativere Konzepte finden, wie man den Tarifverhandlungspartnern zeigen kann, wie wichtig die Arbeit der Erzieherinnen und Erzieher ist.<\/p>\n<p>Des weiteren \u00e4rgert mich, dass die Gewerkschaften &#8222;Komba&#8220; und &#8222;Verdi&#8220; nicht an einem Strang ziehen, sondern ihre Streiks immer sch\u00f6n abwechselnd machen, damit die KiTas auch ja doppelt so oft geschlossen sind.<\/p>\n<p>Im Rahmen meiner M\u00f6glichkeiten versuche ich die Arbeit der Erzieherinnen zu unterst\u00fctzen. Ich bin Mitglied des Elternrats und stellvertretende Vorsitzende des F\u00f6rdervereins. Ist zwar nur ein kleiner Beitrag, aber zumindest kann ich ein kleines Bi\u00dfchen was dazutun.<\/p>\n","protected":false},"excerpt":{"rendered":"<p>Am kommenden Montag wird unsere KiTa bestreikt. In den n\u00e4chsten Wochen k\u00f6nnte es sein, dass die KiTa sogar eine ganze Woche bestreikt wird. Anlass genug, um meine Meinung mal in einen Blogeintrag zu giessen. Das Streikrecht ist f\u00fcr mich eine der S\u00e4ulen unserer Demokratie. Jeder darf Mitglied in einer Gewerkschaft sein. Und jeder soll streiken [&hellip;]<\/p>\n","protected":false},"author":1,"featured_media":0,"comment_status":"open","ping_status":"open","sticky":false,"template":"","format":"standard","meta":{"ngg_post_thumbnail":0},"categories":[8],"tags":[],"_links":{"self":[{"href":"http:\/\/xn--pntanell-65a.de\/index.php?rest_route=\/wp\/v2\/posts\/1498"}],"collection":[{"href":"http:\/\/xn--pntanell-65a.de\/index.php?rest_route=\/wp\/v2\/posts"}],"about":[{"href":"http:\/\/xn--pntanell-65a.de\/index.php?rest_route=\/wp\/v2\/types\/post"}],"author":[{"embeddable":true,"href":"http:\/\/xn--pntanell-65a.de\/index.php?rest_route=\/wp\/v2\/users\/1"}],"replies":[{"embeddable":true,"href":"http:\/\/xn--pntanell-65a.de\/index.php?rest_route=%2Fwp%2Fv2%2Fcomments&post=1498"}],"version-history":[{"count":1,"href":"http:\/\/xn--pntanell-65a.de\/index.php?rest_route=\/wp\/v2\/posts\/1498\/revisions"}],"predecessor-version":[{"id":1499,"href":"http:\/\/xn--pntanell-65a.de\/index.php?rest_route=\/wp\/v2\/posts\/1498\/revisions\/1499"}],"wp:attachment":[{"href":"http:\/\/xn--pntanell-65a.de\/index.php?rest_route=%2Fwp%2Fv2%2Fmedia&parent=1498"}],"wp:term":[{"taxonomy":"category","embeddable":true,"href":"http:\/\/xn--pntanell-65a.de\/index.php?rest_route=%2Fwp%2Fv2%2Fcategories&post=1498"},{"taxonomy":"post_tag","embeddable":true,"href":"http:\/\/xn--pntanell-65a.de\/index.php?rest_route=%2Fwp%2Fv2%2Ftags&post=1498"}],"curies":[{"name":"wp","href":"https:\/\/api.w.org\/{rel}","templated":true}]}}