{"id":151,"date":"2012-01-31T11:31:41","date_gmt":"2012-01-31T10:31:41","guid":{"rendered":"http:\/\/xn--pntanell-65a.de\/?p=151"},"modified":"2012-01-31T11:31:41","modified_gmt":"2012-01-31T10:31:41","slug":"das-buch-zur-nacht","status":"publish","type":"post","link":"http:\/\/xn--pntanell-65a.de\/?p=151","title":{"rendered":"Das Buch zur Nacht"},"content":{"rendered":"<p>Eine kleine R\u00fcckblende auf eine lange Nacht vor etwa dreieinhalb Monaten. Es ist die Nacht von Sonntag auf Montag vor Linas Geburt. Weil in der Nacht die Wehen einsetzten und ich nicht schlafen konnte, habe ich mir die Zeit mit ein wenig Radioh\u00f6ren versucht zu vers\u00fc\u00dfen. Nat\u00fcrlich \u00fcber Kopfh\u00f6rer, weil ich meine Zimmergenossin nicht noch mehr nerven wollte, als ich es eh schon tat.<\/p>\n<p>In der Nacht h\u00f6rte ich auf WDR5 <a href=\"http:\/\/www.wdr5.de\/sendungen\/streng-oeffentlich.html\">Streng \u00f6ffentlich!<\/a>. Das ist eine Sendung in der vor Publikum aufgenommene Radiounterhlatung gesendet wird. In jener Nacht hat Jan Josef Liefers &#8211; bekannt als Dr.B\u00f6rne aus dem M\u00fcnster-Tatort &#8211; mit seiner Band Oblivion mich unterhalten. Er berichtete von seiner Kindheit in den 60er Jahren in Dresden. Das ist gespickt mit Liedern ostdeutscher K\u00fcnstler aus der Zeit: Manfred Krug, Die Puhdys, Karat und andere mehr. Zusammen ergibt das ein sehr stimmiges und unterhaltsames Bild.<\/p>\n<p>Neulich fand Erik in der Rheydter Bibliothek nun das <a href=\"http:\/\/www.amazon.de\/Soundtrack-meiner-Kindheit-Josef-Liefers\/dp\/349962592X\/ref=sr_1_1?ie=UTF8&amp;qid=1328004981&amp;sr=8-1\">Buch <\/a>zur Sendung bzw zur Nacht. Darin erz\u00e4hlt Liefers aus seinem Leben, von seinen Eltern und Gro\u00dfeltern. Und nebenher berichtet er von den Eigenarten, die das Leben in der DDR so mit sich brauchte. Da ich inzwischen auch zweimal in Dresden war, kann ich mir einige Orte der Geschichte bildlich vorstellen. Alles in allem ein sehr unterhaltsames Buch. Und f\u00fcr mich halt mit einer besonderen Erinnerung verbunden.<\/p>\n","protected":false},"excerpt":{"rendered":"<p>Eine kleine R\u00fcckblende auf eine lange Nacht vor etwa dreieinhalb Monaten. Es ist die Nacht von Sonntag auf Montag vor Linas Geburt. Weil in der Nacht die Wehen einsetzten und ich nicht schlafen konnte, habe ich mir die Zeit mit ein wenig Radioh\u00f6ren versucht zu vers\u00fc\u00dfen. Nat\u00fcrlich \u00fcber Kopfh\u00f6rer, weil ich meine Zimmergenossin nicht noch [&hellip;]<\/p>\n","protected":false},"author":1,"featured_media":0,"comment_status":"open","ping_status":"open","sticky":false,"template":"","format":"standard","meta":{"ngg_post_thumbnail":0},"categories":[1],"tags":[],"_links":{"self":[{"href":"http:\/\/xn--pntanell-65a.de\/index.php?rest_route=\/wp\/v2\/posts\/151"}],"collection":[{"href":"http:\/\/xn--pntanell-65a.de\/index.php?rest_route=\/wp\/v2\/posts"}],"about":[{"href":"http:\/\/xn--pntanell-65a.de\/index.php?rest_route=\/wp\/v2\/types\/post"}],"author":[{"embeddable":true,"href":"http:\/\/xn--pntanell-65a.de\/index.php?rest_route=\/wp\/v2\/users\/1"}],"replies":[{"embeddable":true,"href":"http:\/\/xn--pntanell-65a.de\/index.php?rest_route=%2Fwp%2Fv2%2Fcomments&post=151"}],"version-history":[{"count":0,"href":"http:\/\/xn--pntanell-65a.de\/index.php?rest_route=\/wp\/v2\/posts\/151\/revisions"}],"wp:attachment":[{"href":"http:\/\/xn--pntanell-65a.de\/index.php?rest_route=%2Fwp%2Fv2%2Fmedia&parent=151"}],"wp:term":[{"taxonomy":"category","embeddable":true,"href":"http:\/\/xn--pntanell-65a.de\/index.php?rest_route=%2Fwp%2Fv2%2Fcategories&post=151"},{"taxonomy":"post_tag","embeddable":true,"href":"http:\/\/xn--pntanell-65a.de\/index.php?rest_route=%2Fwp%2Fv2%2Ftags&post=151"}],"curies":[{"name":"wp","href":"https:\/\/api.w.org\/{rel}","templated":true}]}}