{"id":165,"date":"2012-02-09T13:28:38","date_gmt":"2012-02-09T12:28:38","guid":{"rendered":"http:\/\/xn--pntanell-65a.de\/?p=165"},"modified":"2012-02-09T13:28:38","modified_gmt":"2012-02-09T12:28:38","slug":"kindergartenchaos","status":"publish","type":"post","link":"http:\/\/xn--pntanell-65a.de\/?p=165","title":{"rendered":"Kindergartenchaos"},"content":{"rendered":"<p>Da ab Oktober ja ein verwaister Arbeitsplatz auf mich wartet, brauche ich f\u00fcr die L\u00fctte sp\u00e4testens dann einen ganzt\u00e4gigen Betreuungsplatz. Obwohl es neue Gesetze gibt, die eine Versorgung von unter drei-j\u00e4hrigen Kindern sicherstellen soll, so ist NRW im Allgemeinen und M\u00f6nchengladbach im Besonderen weit hinter den Forderungen zur\u00fcck. Da muss man sich rechtzeitig k\u00fcmmern. Aber das ist komplizierter, als ich vermutet hatte. Bin ja eine naive Neumutter.<\/p>\n<p>Bei den Kinderg\u00e4rten, die unter st\u00e4dtischer Verwaltung stehen, kann man sich zentral &#8222;bewerben&#8220; &#8211; das ist einfach. Bei allen anderen Kinderg\u00e4rten muss man dann jeweils getrennt vorstellig werden.<\/p>\n<p>Anfang Dezember hatte ich also ein Anschreiben an die Stadtverwaltung geschickt, in dem ich mich bei vier hier in der N\u00e4he liegenden Kinderg\u00e4rter um einen Platz f\u00fcr die L\u00fctte bewarb. Seitdem habe ich von dort nichts mehr geh\u00f6rt und heute einfach mal nachgehakt: Ich bekomme von dort nur R\u00fcckmeldung, wenn ich einen Platz bekomme. Und die gute Frau B. riet mir, dass ich mich auch anderweitig nach einer Betreuung umsehen solle. Denn sie meldet sich nur, wenn ich denn einen Platz habe.<\/p>\n<p>Also werde ich nun die Ochsentour anfangen und mich durch alle Kinderg\u00e4rten in Radwegentfernung durchtelefonieren, die eine U2-Betreuung anbieten. *tieferseufzer* Und die L\u00fctte wird dann nicht nur auf vier, sondern auf etwa 10 Wartelisten stehen.<\/p>\n<p>Ich denke, dass an diesem System unsere Kindertagesbetreuung krankt: Die Eltern melden ihre Kinder an allen gerade noch in Frage kommenden Kinderg\u00e4rten an und erzeugen so k\u00fcnstlich lange Wartelisten, denn die Kinder stehen dann auf drei bis siebzehn verschiedenen Listen und bl\u00e4hen diese k\u00fcnstlich auf. Es kann also sein, dass ich zwar auf Platz 80 der Warteliste stehe, aber die anderen 79 Kinder sind auch alle mehrfach irgendwo gemeldet und sobald die an einem anderen Kindergarten genommen sind, schrumpft die Liste in sich zusammen.<\/p>\n<p>Nat\u00fcrlich gibt es viele Tr\u00e4ger f\u00fcr Kinderg\u00e4rten hier in M\u00f6nchengladbach: Stadt, evangelisch, katholisch, Elterninitative, Wohlfahrtsverb\u00e4nde, Betriebskinderg\u00e4rten. Aber da vermutlich jedes Kind in mehreren Listen steht, geht das alles im Chaos unter.<\/p>\n<p>Ich hoffe trotzdem, dass ich f\u00fcr die L\u00fctte noch einen sch\u00f6nen Platz finde. Sonst muss ich mich halt nach einer Tagesmutter umsehen.<\/p>\n","protected":false},"excerpt":{"rendered":"<p>Da ab Oktober ja ein verwaister Arbeitsplatz auf mich wartet, brauche ich f\u00fcr die L\u00fctte sp\u00e4testens dann einen ganzt\u00e4gigen Betreuungsplatz. Obwohl es neue Gesetze gibt, die eine Versorgung von unter drei-j\u00e4hrigen Kindern sicherstellen soll, so ist NRW im Allgemeinen und M\u00f6nchengladbach im Besonderen weit hinter den Forderungen zur\u00fcck. Da muss man sich rechtzeitig k\u00fcmmern. Aber [&hellip;]<\/p>\n","protected":false},"author":1,"featured_media":0,"comment_status":"open","ping_status":"open","sticky":false,"template":"","format":"standard","meta":{"ngg_post_thumbnail":0},"categories":[7],"tags":[],"_links":{"self":[{"href":"http:\/\/xn--pntanell-65a.de\/index.php?rest_route=\/wp\/v2\/posts\/165"}],"collection":[{"href":"http:\/\/xn--pntanell-65a.de\/index.php?rest_route=\/wp\/v2\/posts"}],"about":[{"href":"http:\/\/xn--pntanell-65a.de\/index.php?rest_route=\/wp\/v2\/types\/post"}],"author":[{"embeddable":true,"href":"http:\/\/xn--pntanell-65a.de\/index.php?rest_route=\/wp\/v2\/users\/1"}],"replies":[{"embeddable":true,"href":"http:\/\/xn--pntanell-65a.de\/index.php?rest_route=%2Fwp%2Fv2%2Fcomments&post=165"}],"version-history":[{"count":0,"href":"http:\/\/xn--pntanell-65a.de\/index.php?rest_route=\/wp\/v2\/posts\/165\/revisions"}],"wp:attachment":[{"href":"http:\/\/xn--pntanell-65a.de\/index.php?rest_route=%2Fwp%2Fv2%2Fmedia&parent=165"}],"wp:term":[{"taxonomy":"category","embeddable":true,"href":"http:\/\/xn--pntanell-65a.de\/index.php?rest_route=%2Fwp%2Fv2%2Fcategories&post=165"},{"taxonomy":"post_tag","embeddable":true,"href":"http:\/\/xn--pntanell-65a.de\/index.php?rest_route=%2Fwp%2Fv2%2Ftags&post=165"}],"curies":[{"name":"wp","href":"https:\/\/api.w.org\/{rel}","templated":true}]}}