{"id":1735,"date":"2016-07-14T11:33:21","date_gmt":"2016-07-14T09:33:21","guid":{"rendered":"http:\/\/xn--pntanell-65a.de\/?p=1735"},"modified":"2016-07-14T11:33:21","modified_gmt":"2016-07-14T09:33:21","slug":"nase-voll","status":"publish","type":"post","link":"http:\/\/xn--pntanell-65a.de\/?p=1735","title":{"rendered":"Nase voll"},"content":{"rendered":"<p>Hier also ein kleines Update der <a href=\"http:\/\/p\u00fcntanell.de\/?p=1648\">Geschichte <\/a>vom um meine Nase bzw meine Ohren.<\/p>\n<p>Im April und Mai heilte alles gut vor sich hin. F\u00fcr Mitte Mai war dann vorgesehen, dass ich nochmal beim niedergelassenen HNO vorstellig werde, damit jeder meinen Heilungsverlauf kontrollieren sollte. Also bin ich Mitte Mai zu ihm hin. Alles ist super verheilt. Leider zu super, denn in meinem rechten Nasenloch ist etwas zusammen gewachsen, was eigentlich nicht zusammen geh\u00f6rt. *seufz*<\/p>\n<p>Daraufhin habe ich mir einen Termin in der HNO Ambulanz geben lassen, wo die \u00c4rzte mich nochmals untersucht haben. es sollte eine Synechiedurchtrennung erfolgen. Als Termin daf\u00fcr wurde der 01.07.2016 auserkoren. Am Montag davor wurde ich untersucht und \u00fcber die Operationsrisiken aufgekl\u00e4rt. darunter fiel auch eine Untersuchung meines Geruchs- und Geschmackssinns. Dazu musste ich zuerst an Stiften riechen und sagen, welchen Geruch diese haben (Orange, Kaffee, Fisch, Lakritz&#8230;) und danach an St\u00e4bchen lutschen und diese &#8222;Bitter&#8220;, &#8222;S\u00fc\u00df&#8220;, &#8222;Salzig&#8220; und &#8222;Sauer&#8220; zuordnen.<br \/>\nDes weiteren wurde festgestellt, dass meine Nasenmuscheln zu gro\u00df sind. Mit Nasenmuscheln sind jetzt nicht die au\u00dfen sichtbaren Seite der Nase gemeint, sondern quasi Lamellen, die in der Nase sind. Diese sollten mir im Zuge der OP geweitet werden.<\/p>\n<p>Ab Donnerstagabend durfte ich nichts mehr essen und trinken, am Freitagmorgen fand ich mich dann um 9Uhr in der Klinik ein. Gegen 10Uhr ging es dann im schicken Hemdchen ins Erdgeschoss zur OP. Den Rest des Tages habe ich dann im D\u00e4mmerzustand in der Klinik verbracht und kann mich nicht mehr an viel erinnern. Wieder mit Taponade in der Nase. Und wieder hat sich Lina ziemlich vor mir erschreckt. Was nachvollziehbar ist. Und \u00fcber den Zugang im Arm habe ich lecker Antibiotika bekommen.<\/p>\n<p>Am Samstag hat man mir dann \u00fcberaschenderweise schon die Tamponade gezogen, aber ich sollte noch eine Nacht bleiben. Seltsamerweise ist mir im Laufe des Samstags dann latent \u00fcbel geworden. Wohl eine Nebenwirkung der Antibiotika? W\u00e4hrend der Rest von Deutschland das Fu\u00dfballspiel gegen Italien geguckt hat, habe ich dieses fast komplett verschlafen und bin erst von dem Autokorso in der Gladbacher Innenstadt wach geworden. Gar nicht nett.<\/p>\n<p>Am Sonntag hat man mich dann ziemlich fr\u00fch mit einer handvoll Tabletten entlassen und am Montag war ich schon wieder arbeiten. Und am Dienstag war ich wieder zum Sport. Da merkte ich, dass ich noch etwas wackelig in den Knien war. Aber das verging schnell. Leider war mir immer mal wieder latent \u00fcbel. Nicht so schlimm, dass ich mich h\u00e4tte \u00fcbergeben wollen, aber schon nervig. Am Montag den 11.07. dann durfte ich wieder in die Klinik, weil mir die Folien gezogen werden sollten. Die Vorstellung hat mich ziemlich nerv\u00f6s gemacht. Aber es war wirklich keine gro\u00dfe Sache. Erstaunlich ist aber nach wie vor, was man alles in einer Nase unter bringen kann. Diese Folien waren in der Fl\u00e4che so gro\u00df wie ein zwei nebeneinander liegende Zigaretten.<\/p>\n<p>Inzwischen habe ich das Gef\u00fchl, mehr Luft zu bekommen als noch vor der ganzen Geschichte. Aber das kann auch tr\u00fcgerisch sein.<\/p>\n<p>Im Moment nervt mich noch, dass ich meine Nase von innen eincremen muss. Weil es so warm ist, verfl\u00fcssigt sich die Salbe und ich habe die ganze Zeit einen Geschmack von Benzin im Rachen. Und es sieht halt seltsam aus, dass ich wei\u00dfes Zeug in der Nase habe.In ein paar Wochen werde ich dann noch mal zum niedergelassenen HNO gehen und kontrollieren lassen, ob er mit meinem weiteren Heilungsverlauf einverstanden ist. Und vielleicht werden mir dann ja auch endlich die Paukenr\u00f6hrchen wieder gezogen. Oder die fallen irgendwann von alleine raus. Wir werden es sehen und ich werde weiterhin berichten.<\/p>\n","protected":false},"excerpt":{"rendered":"<p>Hier also ein kleines Update der Geschichte vom um meine Nase bzw meine Ohren. Im April und Mai heilte alles gut vor sich hin. F\u00fcr Mitte Mai war dann vorgesehen, dass ich nochmal beim niedergelassenen HNO vorstellig werde, damit jeder meinen Heilungsverlauf kontrollieren sollte. Also bin ich Mitte Mai zu ihm hin. Alles ist super [&hellip;]<\/p>\n","protected":false},"author":1,"featured_media":0,"comment_status":"open","ping_status":"open","sticky":false,"template":"","format":"standard","meta":{"ngg_post_thumbnail":0},"categories":[1],"tags":[],"_links":{"self":[{"href":"http:\/\/xn--pntanell-65a.de\/index.php?rest_route=\/wp\/v2\/posts\/1735"}],"collection":[{"href":"http:\/\/xn--pntanell-65a.de\/index.php?rest_route=\/wp\/v2\/posts"}],"about":[{"href":"http:\/\/xn--pntanell-65a.de\/index.php?rest_route=\/wp\/v2\/types\/post"}],"author":[{"embeddable":true,"href":"http:\/\/xn--pntanell-65a.de\/index.php?rest_route=\/wp\/v2\/users\/1"}],"replies":[{"embeddable":true,"href":"http:\/\/xn--pntanell-65a.de\/index.php?rest_route=%2Fwp%2Fv2%2Fcomments&post=1735"}],"version-history":[{"count":1,"href":"http:\/\/xn--pntanell-65a.de\/index.php?rest_route=\/wp\/v2\/posts\/1735\/revisions"}],"predecessor-version":[{"id":1736,"href":"http:\/\/xn--pntanell-65a.de\/index.php?rest_route=\/wp\/v2\/posts\/1735\/revisions\/1736"}],"wp:attachment":[{"href":"http:\/\/xn--pntanell-65a.de\/index.php?rest_route=%2Fwp%2Fv2%2Fmedia&parent=1735"}],"wp:term":[{"taxonomy":"category","embeddable":true,"href":"http:\/\/xn--pntanell-65a.de\/index.php?rest_route=%2Fwp%2Fv2%2Fcategories&post=1735"},{"taxonomy":"post_tag","embeddable":true,"href":"http:\/\/xn--pntanell-65a.de\/index.php?rest_route=%2Fwp%2Fv2%2Ftags&post=1735"}],"curies":[{"name":"wp","href":"https:\/\/api.w.org\/{rel}","templated":true}]}}