{"id":300,"date":"2012-04-19T15:29:59","date_gmt":"2012-04-19T13:29:59","guid":{"rendered":"http:\/\/xn--pntanell-65a.de\/?p=300"},"modified":"2012-04-19T15:29:59","modified_gmt":"2012-04-19T13:29:59","slug":"herdpramie-erziehungsgehalt","status":"publish","type":"post","link":"http:\/\/xn--pntanell-65a.de\/?p=300","title":{"rendered":"Herdpr\u00e4mie &#8211; Erziehungsgehalt"},"content":{"rendered":"<p>Als aktuell betroffene Mutter gebe ich nun auch meinen Senf zu dieser leidigen Diskussion um die Herdpr\u00e4mie bzw das Erziehungsgehalt dazu.<\/p>\n<p>Die Koaltion aus CDU\/CSU auf der einen und der FDP auf der anderen Seite hat im Kalotionsvertrag festgelegt, dass ab 2013 jede Familie, die Kinder nicht in die Kindertagesbetreuung schickt, vom Staat 150 Euro bekommen soll. H\u00f6rt sich ja schonmal nett an.  Aber wieso machen die das?<\/p>\n<p>Eigentlich soll es ab August 2013 einen garantierten Platz in der Kindertagesbetreuung auf f\u00fcr unter dreij\u00e4hrige Kinder geben. Aber von diesem Ziel ist Deutschland meilenweit entfernt. Insbesondere in NRW sieht es sehr schlecht aus mit der Versrogung an Pl\u00e4tzen. Und M\u00f6nchengladbach ist da keine Ausnahme. Das durfte ich gerade an eigenem Leib erfahren und hab nur durch viel Geduld, Gl\u00fcck und Beharrlichkeiten f\u00fcr Lina einen Platz bekommen. (*HURRA*)<\/p>\n<p>Deshalb k\u00f6nnte ich eigentlich froh sein um jedes Kind, das keinen Platz in Anspruch nimmt.   Da der Anspruch auf einen Platz aber gesetzlich verbrieft ist, ist im kommenden Sommer eine Klagewelle zu erwarten von Eltern, die sich einen Platz erklagen wollen. Da sind die 150Euro ja schonmal als ein vorauseilender Vergleich zu sehen.<\/p>\n<p>Die Regierung will sich also von ihrer Verantwortung freikaufen.  Ich glaube nicht, dass sich ein Elternteil, das in einem besserbezahlten Ganztagsjob arbeitet, sich von den 150Euro zum daheimbleiben bewegen l\u00e4sst. Aber ich kann mir gut vorstellen, dass viele Familien in HartzIV die 150Euro gerne mitnehmen und ihren Nachwuchs dann daheim behalten.  Aber gerade Kindern aus den so genannten bildungsfernen Schichten, eventuell sogar mit Migrationshintergrund, tut der Besuch im Kindergarten sehr gut, da sie dort eine optimalere Betreuung erhalten als daheim und zum Beispiel besser sprechen lernen oder ihre sozialen F\u00e4higkeiten unter der Betreuung von f\u00e4higen Erzieherinnen besser ausbauen.  Das f\u00fchrt dann zu einer Elite unter Kindern, deren Eltern es sich leisten k\u00f6nnen, die Kinder in die Tagesbetreuung zu Geben.  Auf jeden Fall bin ich heilfroh, einen Platz zu haben und w\u00fcrde auch f\u00fcr mehr als 150 Euro nicht daheim bleiben wollen.<\/p>\n","protected":false},"excerpt":{"rendered":"<p>Als aktuell betroffene Mutter gebe ich nun auch meinen Senf zu dieser leidigen Diskussion um die Herdpr\u00e4mie bzw das Erziehungsgehalt dazu. Die Koaltion aus CDU\/CSU auf der einen und der FDP auf der anderen Seite hat im Kalotionsvertrag festgelegt, dass ab 2013 jede Familie, die Kinder nicht in die Kindertagesbetreuung schickt, vom Staat 150 Euro [&hellip;]<\/p>\n","protected":false},"author":1,"featured_media":0,"comment_status":"open","ping_status":"open","sticky":false,"template":"","format":"standard","meta":{"ngg_post_thumbnail":0},"categories":[7],"tags":[],"_links":{"self":[{"href":"http:\/\/xn--pntanell-65a.de\/index.php?rest_route=\/wp\/v2\/posts\/300"}],"collection":[{"href":"http:\/\/xn--pntanell-65a.de\/index.php?rest_route=\/wp\/v2\/posts"}],"about":[{"href":"http:\/\/xn--pntanell-65a.de\/index.php?rest_route=\/wp\/v2\/types\/post"}],"author":[{"embeddable":true,"href":"http:\/\/xn--pntanell-65a.de\/index.php?rest_route=\/wp\/v2\/users\/1"}],"replies":[{"embeddable":true,"href":"http:\/\/xn--pntanell-65a.de\/index.php?rest_route=%2Fwp%2Fv2%2Fcomments&post=300"}],"version-history":[{"count":0,"href":"http:\/\/xn--pntanell-65a.de\/index.php?rest_route=\/wp\/v2\/posts\/300\/revisions"}],"wp:attachment":[{"href":"http:\/\/xn--pntanell-65a.de\/index.php?rest_route=%2Fwp%2Fv2%2Fmedia&parent=300"}],"wp:term":[{"taxonomy":"category","embeddable":true,"href":"http:\/\/xn--pntanell-65a.de\/index.php?rest_route=%2Fwp%2Fv2%2Fcategories&post=300"},{"taxonomy":"post_tag","embeddable":true,"href":"http:\/\/xn--pntanell-65a.de\/index.php?rest_route=%2Fwp%2Fv2%2Ftags&post=300"}],"curies":[{"name":"wp","href":"https:\/\/api.w.org\/{rel}","templated":true}]}}