{"id":3476,"date":"2026-03-12T13:06:40","date_gmt":"2026-03-12T11:06:40","guid":{"rendered":"http:\/\/xn--pntanell-65a.de\/?p=3476"},"modified":"2026-03-12T13:06:40","modified_gmt":"2026-03-12T11:06:40","slug":"blogparade-mein-vorname-und-ich","status":"publish","type":"post","link":"http:\/\/xn--pntanell-65a.de\/?p=3476","title":{"rendered":"Blogparade &#8211; mein Vorname und ich"},"content":{"rendered":"\n<p>Bei <a href=\"https:\/\/alltaeglichesundausgedachtes.com\/2026\/03\/11\/blogparade-mein-vorname\/\">Carsten <\/a>habe ich den Aufruf gefunden, an einer Blogparade von <a href=\"https:\/\/www.blogissimo.de\/blogparade-relevant-dein-vorname\/\">Blogissimo <\/a> teilzunehmen. Dabei geht es um unsere jeweiligen Vornamen und wieso wir genau diesen bekommen haben.<\/p>\n\n\n\n<p>Mein Vorname ist alles andere als zuf\u00e4llig und es gibt eine etwas tragische Geschichte dahinter.<\/p>\n\n\n\n<p>Denn ich habe den Namen von meiner Gro\u00dfmutter geerbt. Sie ist 1915 als Christine Maria K\u00fcper zur Welt gekommen. In den letzten Tagen des ersten Weltkriegs ist ihr Vater Johann K\u00fcper in eben diesem gefallen. Ihre Mutter Paula geborene Vo\u00dfborgmann hat danach neu geheiratet. In diesem neuen Haushalt war meine Oma leider nicht gern gesehen &#8211; sie wurde im Wortsinn stiefkindlich behandelt &#8211; und man fand auch den Vornamen &#8222;Christine&#8220; sehr doof. Deshalb wurde meine Oma dann &#8222;Maria&#8220; bzw &#8222;Mariechen&#8220; gerufen. Als meine Oma 16 Jahre alt war, verstarb dann auch noch ihre Mutter. Danach wurde sie durch die Verwandschaft als Haushaltshilfe gereicht, bis sie meinen Opa Theodor Gantefort 1945 geheiratet hat. Meine Mutter Paula (auch nach ihrer Oma benannt) kam dann 1946 zur Welt.<\/p>\n\n\n\n<p>Als ich dann 1972 als \u00e4ltestes Enkelkind zu Welt gekommen bin, hat meine Mutter mich mit voller Absicht &#8222;Christine Maria&#8220; genannt, damit meine Oma die Genugtuung hat, dass &#8222;Christine&#8220; doch ein sch\u00f6ner Name ist.<\/p>\n\n\n\n<p>Ich mag diesen Namen, weil er ziemlich zeitlos ist. Er war nie wirklich in Mode, ist aber gel\u00e4ufig. Die Schreibweise ist klassisch.<br>Einzig: In meiner Generation gibt es ziemlich viele Frauen, die &#8222;Christiane&#8220; (von den ~100 Frauen, mit denen ich Abi gemach habe, waren 9* Christiane) hei\u00dfen und ich werde deshalb auch h\u00e4ufig so angeschrieben. Manche Menschen nennen mich auch &#8222;Christin&#8220; (ohne e), was ich aber doof finde. Meine Eltern haben sich ja bewusst f\u00fcr die Langversion entschieden.<\/p>\n\n\n\n<p>Es gibt verschiedene Aussagen dar\u00fcber, wie ich als Junge genannt worden w\u00e4re: Wahrscheinlich Tobias oder Roland &#8211; meinen Vater kann ich nicht mehr fragen.<\/p>\n\n\n\n<p>Meine Schwester hingegen hei\u00dft &#8222;Mareike&#8220;, weil wir zu der Zeit sehr oft auf dem Ijsselmeer segeln waren.<br><br>Meine Tochter hei\u00dft Lina, weil so ihre Urgro\u00dfmutter v\u00e4terlicherseits hie\u00df. Und Theresa, weil ich eine Frau dieses Namens sehr bewundere. Wenn sie meinen Familiennamen tragen w\u00fcrde, dann w\u00e4re es ein anderer Name geworden. Die beiden zusammen h\u00f6ren sich sehr albern an.<br>Wenn sie ein Junge geworden w\u00e4re, dann w\u00e4re es wahrscheinlich &#8222;Bastian&#8220; geworden. <br><\/p>\n","protected":false},"excerpt":{"rendered":"<p>Bei Carsten habe ich den Aufruf gefunden, an einer Blogparade von Blogissimo teilzunehmen. Dabei geht es um unsere jeweiligen Vornamen und wieso wir genau diesen bekommen haben. Mein Vorname ist alles andere als zuf\u00e4llig und es gibt eine etwas tragische Geschichte dahinter. Denn ich habe den Namen von meiner Gro\u00dfmutter geerbt. Sie ist 1915 als [&hellip;]<\/p>\n","protected":false},"author":1,"featured_media":0,"comment_status":"closed","ping_status":"open","sticky":false,"template":"","format":"standard","meta":{"ngg_post_thumbnail":0},"categories":[1],"tags":[],"_links":{"self":[{"href":"http:\/\/xn--pntanell-65a.de\/index.php?rest_route=\/wp\/v2\/posts\/3476"}],"collection":[{"href":"http:\/\/xn--pntanell-65a.de\/index.php?rest_route=\/wp\/v2\/posts"}],"about":[{"href":"http:\/\/xn--pntanell-65a.de\/index.php?rest_route=\/wp\/v2\/types\/post"}],"author":[{"embeddable":true,"href":"http:\/\/xn--pntanell-65a.de\/index.php?rest_route=\/wp\/v2\/users\/1"}],"replies":[{"embeddable":true,"href":"http:\/\/xn--pntanell-65a.de\/index.php?rest_route=%2Fwp%2Fv2%2Fcomments&post=3476"}],"version-history":[{"count":1,"href":"http:\/\/xn--pntanell-65a.de\/index.php?rest_route=\/wp\/v2\/posts\/3476\/revisions"}],"predecessor-version":[{"id":3477,"href":"http:\/\/xn--pntanell-65a.de\/index.php?rest_route=\/wp\/v2\/posts\/3476\/revisions\/3477"}],"wp:attachment":[{"href":"http:\/\/xn--pntanell-65a.de\/index.php?rest_route=%2Fwp%2Fv2%2Fmedia&parent=3476"}],"wp:term":[{"taxonomy":"category","embeddable":true,"href":"http:\/\/xn--pntanell-65a.de\/index.php?rest_route=%2Fwp%2Fv2%2Fcategories&post=3476"},{"taxonomy":"post_tag","embeddable":true,"href":"http:\/\/xn--pntanell-65a.de\/index.php?rest_route=%2Fwp%2Fv2%2Ftags&post=3476"}],"curies":[{"name":"wp","href":"https:\/\/api.w.org\/{rel}","templated":true}]}}