{"id":403,"date":"2012-05-21T09:19:06","date_gmt":"2012-05-21T07:19:06","guid":{"rendered":"http:\/\/xn--pntanell-65a.de\/?p=403"},"modified":"2012-05-21T09:19:06","modified_gmt":"2012-05-21T07:19:06","slug":"strasennamen-erganzung","status":"publish","type":"post","link":"http:\/\/xn--pntanell-65a.de\/?p=403","title":{"rendered":"Stra\u00dfennamen &#8211; Erg\u00e4nzung"},"content":{"rendered":"<p>Vor ein paar Wochen habe ich hier einen Artikel eingestellt, in dem es um die<a href=\"http:\/\/p\u00fcntanell.de\/?p=308\" target=\"_blank\"> Benennung von Stra\u00dfen<\/a> geht. Immer wieder kocht das Thema hoch, wenn Stra\u00dfen nach Personen benannt werden.<\/p>\n<p>Wohin das f\u00fchren kann, sieht man nun in meinem Heimatd\u00f6rfchen Beelen:<\/p>\n<p>Zwischen Grundschule und Kirche ist ein Pl\u00e4tzchen gelegen, das f\u00fcr gemeinhin &#8222;Lehrerparkplatz&#8220; genannt wird. Nun ist jemand auf die Idee gekommen, diesen Platz nach Stauffenberg zu benennen, weil es im Dorf keine Stra\u00dfenbenennungen nach Wiederstandsk\u00e4mpfern gegen das Nazi-Regime gibt.<\/p>\n<p>Dagegen haben sich nun Stimmen erhoben, die meinen, dass Stauffenberg eine ambivalente Pers\u00f6nlichkeit war, die zwar das Attentat auf Hitler mitorganisiert hat, aber vorher als Befehlshaber in den Krieg zog und somit viele Menschenleben auf dem Gewissen hat.<\/p>\n<p>Und drolligerweise werden nun diese kritischen Stimmen in eine rechte Ecke gestellt, weil sie nicht pro Stauffenbegr sind. An dieser Stelle fasse ich mir mal mit ausholender Geste an den Koopf und verstehe die Welt nicht mehr. In der <a href=\"http:\/\/www.die-glocke.de\/lokalnachrichten\/kreiswarendorf\/beelen\/Lasse-mich-nicht-in-braune-Ecke-stellen-e4fc958f-9d26-42ed-8bae-dbe987b1481c-ds\" target=\"_blank\">Tagespresse <\/a>ist das \u00fcbrigens auch nachzulesen.<\/p>\n","protected":false},"excerpt":{"rendered":"<p>Vor ein paar Wochen habe ich hier einen Artikel eingestellt, in dem es um die Benennung von Stra\u00dfen geht. Immer wieder kocht das Thema hoch, wenn Stra\u00dfen nach Personen benannt werden. Wohin das f\u00fchren kann, sieht man nun in meinem Heimatd\u00f6rfchen Beelen: Zwischen Grundschule und Kirche ist ein Pl\u00e4tzchen gelegen, das f\u00fcr gemeinhin &#8222;Lehrerparkplatz&#8220; genannt [&hellip;]<\/p>\n","protected":false},"author":1,"featured_media":0,"comment_status":"open","ping_status":"open","sticky":false,"template":"","format":"standard","meta":{"ngg_post_thumbnail":0},"categories":[8],"tags":[],"_links":{"self":[{"href":"http:\/\/xn--pntanell-65a.de\/index.php?rest_route=\/wp\/v2\/posts\/403"}],"collection":[{"href":"http:\/\/xn--pntanell-65a.de\/index.php?rest_route=\/wp\/v2\/posts"}],"about":[{"href":"http:\/\/xn--pntanell-65a.de\/index.php?rest_route=\/wp\/v2\/types\/post"}],"author":[{"embeddable":true,"href":"http:\/\/xn--pntanell-65a.de\/index.php?rest_route=\/wp\/v2\/users\/1"}],"replies":[{"embeddable":true,"href":"http:\/\/xn--pntanell-65a.de\/index.php?rest_route=%2Fwp%2Fv2%2Fcomments&post=403"}],"version-history":[{"count":0,"href":"http:\/\/xn--pntanell-65a.de\/index.php?rest_route=\/wp\/v2\/posts\/403\/revisions"}],"wp:attachment":[{"href":"http:\/\/xn--pntanell-65a.de\/index.php?rest_route=%2Fwp%2Fv2%2Fmedia&parent=403"}],"wp:term":[{"taxonomy":"category","embeddable":true,"href":"http:\/\/xn--pntanell-65a.de\/index.php?rest_route=%2Fwp%2Fv2%2Fcategories&post=403"},{"taxonomy":"post_tag","embeddable":true,"href":"http:\/\/xn--pntanell-65a.de\/index.php?rest_route=%2Fwp%2Fv2%2Ftags&post=403"}],"curies":[{"name":"wp","href":"https:\/\/api.w.org\/{rel}","templated":true}]}}