{"id":454,"date":"2012-06-14T09:26:04","date_gmt":"2012-06-14T07:26:04","guid":{"rendered":"http:\/\/xn--pntanell-65a.de\/?p=454"},"modified":"2012-06-14T09:26:04","modified_gmt":"2012-06-14T07:26:04","slug":"kleines-b-oben-an-der-see","status":"publish","type":"post","link":"http:\/\/xn--pntanell-65a.de\/?p=454","title":{"rendered":"Kleines B, oben an der See"},"content":{"rendered":"<p>Was treibt uns nach B\u00fcsum?<\/p>\n<p>Schon vor Linas Geburt hatte ich mir vorgenommen, mit dem Kind an die See zu fahren. Ich finde die Nordsee toll und mag den Wind und die Wellen. Die gehetzten Wolken und schreienden M\u00f6wen. Durch den stetigen Westwind geduckte B\u00e4ume finde ich \u00e4usserst pittoresk. Und Lina soll im Sand spielen und Meerwasser an den F\u00fc\u00dfen sp\u00fcren.<\/p>\n<p>Eigentlich hatte ich mir vorgenommen einfach ein paar Tage nach Kattwijk zu fahren oder mir von Mareike einen anderen Ort an der niederl\u00e4ndischen Nordseek\u00fcste empfehlen zu lassen. Aber Erik ist mir zuvor gekommen und hat mir zum Geburtstag einen B\u00fcsumurlaub geschenkt.<\/p>\n<p><a title=\"4987 Einwohner\" href=\"http:\/\/de.wikipedia.org\/wiki\/B%C3%BCsum\" target=\"_blank\">B\u00fcsum <\/a>hat \u00fcbrigens weniger Einwohner als <a title=\"6287 Einwohner\" href=\"http:\/\/de.wikipedia.org\/wiki\/Beelen\" target=\"_blank\">Beelen <\/a>(aber ungleich mehr \u00dcbernachtunsgzahlen). Und ich war hier schonmal. Das muss 1984 gewesen sein auf einer Klassenfahrt. Denn der Kreis Warendorf unterhielt hier ein Schullandheim. Mal schauen, ob ich noch ein paar Ecken wiedererkenne?!?! B\u00fcsum ist sehr beschaulich und der durchschnittliche Besucher ist eher an einem Grog-Kl\u00f6nschnack interessiert als an Sangriaeimern. Und in der Drogereie werden wohl mehr Inkontinenzeinlagen verkauft als Babywindeln.<br \/>\nEs ist alles sehr gediegen hier und das Meer ist nicht weit von unserer kleinen Ferienwohnung. Diese ist klein, aber liebevoll und praktisch eingerichtet. Die erste Nacht haben wir super geschlafen und machen uns dann gleich auf, um die Stadt zu erobern. Erstmal wollen wir mit Lina schwimmen\u00a0 gehen.<\/p>\n<p>Bis Samstag ist Erik noch hier. Dann bringe ich ihn nach Altona, von wo aus er den Zug zur\u00fcck ins heimische Rheydt nimmt. Und ich darf dann eine Runde Mercado geniessen und schwelge in alten Ottensen Zeiten (Dort habe ich mal gearbeitet&#8230;)<\/p>\n<p>\u00dcber die weiteren Entwicklungen und Abenteuer im Leben der kleinen Lina halte ich den geneigten Leser gern auf dem Laufenden!<\/p>\n<p>&nbsp;<\/p>\n","protected":false},"excerpt":{"rendered":"<p>Was treibt uns nach B\u00fcsum? Schon vor Linas Geburt hatte ich mir vorgenommen, mit dem Kind an die See zu fahren. Ich finde die Nordsee toll und mag den Wind und die Wellen. Die gehetzten Wolken und schreienden M\u00f6wen. Durch den stetigen Westwind geduckte B\u00e4ume finde ich \u00e4usserst pittoresk. Und Lina soll im Sand spielen [&hellip;]<\/p>\n","protected":false},"author":1,"featured_media":0,"comment_status":"open","ping_status":"open","sticky":false,"template":"","format":"standard","meta":{"ngg_post_thumbnail":0},"categories":[5],"tags":[],"_links":{"self":[{"href":"http:\/\/xn--pntanell-65a.de\/index.php?rest_route=\/wp\/v2\/posts\/454"}],"collection":[{"href":"http:\/\/xn--pntanell-65a.de\/index.php?rest_route=\/wp\/v2\/posts"}],"about":[{"href":"http:\/\/xn--pntanell-65a.de\/index.php?rest_route=\/wp\/v2\/types\/post"}],"author":[{"embeddable":true,"href":"http:\/\/xn--pntanell-65a.de\/index.php?rest_route=\/wp\/v2\/users\/1"}],"replies":[{"embeddable":true,"href":"http:\/\/xn--pntanell-65a.de\/index.php?rest_route=%2Fwp%2Fv2%2Fcomments&post=454"}],"version-history":[{"count":0,"href":"http:\/\/xn--pntanell-65a.de\/index.php?rest_route=\/wp\/v2\/posts\/454\/revisions"}],"wp:attachment":[{"href":"http:\/\/xn--pntanell-65a.de\/index.php?rest_route=%2Fwp%2Fv2%2Fmedia&parent=454"}],"wp:term":[{"taxonomy":"category","embeddable":true,"href":"http:\/\/xn--pntanell-65a.de\/index.php?rest_route=%2Fwp%2Fv2%2Fcategories&post=454"},{"taxonomy":"post_tag","embeddable":true,"href":"http:\/\/xn--pntanell-65a.de\/index.php?rest_route=%2Fwp%2Fv2%2Ftags&post=454"}],"curies":[{"name":"wp","href":"https:\/\/api.w.org\/{rel}","templated":true}]}}