{"id":499,"date":"2012-06-19T22:49:14","date_gmt":"2012-06-19T20:49:14","guid":{"rendered":"http:\/\/xn--pntanell-65a.de\/?p=499"},"modified":"2012-06-19T22:49:14","modified_gmt":"2012-06-19T20:49:14","slug":"sonnenschein-am-dienstag","status":"publish","type":"post","link":"http:\/\/xn--pntanell-65a.de\/?p=499","title":{"rendered":"Sonnenschein am Dienstag"},"content":{"rendered":"<p>Der heutige Tag war wegen einer tollen Nachricht aus Rheydt besonders sch\u00f6n und aufregend f\u00fcr mich. Details werden aber noch nicht verraten.<\/p>\n<p>Das Linam\u00e4dchen war heute zeitig wach und wuselte herum. Aber sie schlief dann gegen 10Uhr wieder ein und gab mir Zeit zum ausgiebigen Duschen mit Haarewaschen, Wohnung Aufr\u00e4umen und Sp\u00fclen. Als die Maus dann wieder wach war, ging es erstmal kurz nach nebenan zum Supermarkt und am fr\u00fchen Nachmittag zum Shoppen in die Stadt *r\u00e4usper* Und endlich mal wieder zum Haareschneiden. Zuletzt war ich im August oder so mein Friseur. Und nachdem das postpartale Effluvium nun hoffentlich durch ist, habe ich nun endlich wieder eine einheitliche Haarl\u00e4nge. Es sind gut zwei Handbreit Haarspitzen abgeschnitten worden. Wahrscheinlich f\u00e4llt das aber mal wieder keinem auf. *zwinker*<\/p>\n<p>Nach dem oblitgatorischen Spaghettieis, bin ich mit Lina zum Spielplatz gegangen. Dort habe ich mich auf eine Schaukel gesetzt, Lina auf meinen Scho\u00df und vorsichtig angefangen zu schaukeln. Und &#8211; was auch sonst &#8211; Lina LIEBT schaukeln. Sie quietscht vor Freude und Gl\u00fcck und kann nicht genug bekommen. Je wilder eine Bewegung ist und je mehr es wackelt und schukelt, desto mehr Spa\u00df hat Lina. Sie wird wohl mal Achterbahntesterin. Oder Motorradweltmeisterin.<\/p>\n<p>Heute war es sehr super sch\u00f6n sonnig. Die L\u00fctte hatte ich gut eingecremt und deshalb haben wir die Sonne sehr genossen. Hier an der Wohnung habe ich noch in der Sonne gesessen und gelesen.<\/p>\n<p>\u00dcbrigens habe ich beschlossen am Donnerstag nach Helgoland zu fahren. Bin schon sehr gespannt und hoffe auf gutes Wetter und ruhige See. Zum Gl\u00fcck bin ich nicht anf\u00e4llig f\u00fcr Seekrankheit.<\/p>\n","protected":false},"excerpt":{"rendered":"<p>Der heutige Tag war wegen einer tollen Nachricht aus Rheydt besonders sch\u00f6n und aufregend f\u00fcr mich. Details werden aber noch nicht verraten. Das Linam\u00e4dchen war heute zeitig wach und wuselte herum. Aber sie schlief dann gegen 10Uhr wieder ein und gab mir Zeit zum ausgiebigen Duschen mit Haarewaschen, Wohnung Aufr\u00e4umen und Sp\u00fclen. Als die Maus [&hellip;]<\/p>\n","protected":false},"author":1,"featured_media":0,"comment_status":"open","ping_status":"open","sticky":false,"template":"","format":"standard","meta":{"ngg_post_thumbnail":0},"categories":[1],"tags":[],"_links":{"self":[{"href":"http:\/\/xn--pntanell-65a.de\/index.php?rest_route=\/wp\/v2\/posts\/499"}],"collection":[{"href":"http:\/\/xn--pntanell-65a.de\/index.php?rest_route=\/wp\/v2\/posts"}],"about":[{"href":"http:\/\/xn--pntanell-65a.de\/index.php?rest_route=\/wp\/v2\/types\/post"}],"author":[{"embeddable":true,"href":"http:\/\/xn--pntanell-65a.de\/index.php?rest_route=\/wp\/v2\/users\/1"}],"replies":[{"embeddable":true,"href":"http:\/\/xn--pntanell-65a.de\/index.php?rest_route=%2Fwp%2Fv2%2Fcomments&post=499"}],"version-history":[{"count":0,"href":"http:\/\/xn--pntanell-65a.de\/index.php?rest_route=\/wp\/v2\/posts\/499\/revisions"}],"wp:attachment":[{"href":"http:\/\/xn--pntanell-65a.de\/index.php?rest_route=%2Fwp%2Fv2%2Fmedia&parent=499"}],"wp:term":[{"taxonomy":"category","embeddable":true,"href":"http:\/\/xn--pntanell-65a.de\/index.php?rest_route=%2Fwp%2Fv2%2Fcategories&post=499"},{"taxonomy":"post_tag","embeddable":true,"href":"http:\/\/xn--pntanell-65a.de\/index.php?rest_route=%2Fwp%2Fv2%2Ftags&post=499"}],"curies":[{"name":"wp","href":"https:\/\/api.w.org\/{rel}","templated":true}]}}