{"id":515,"date":"2012-06-23T07:59:15","date_gmt":"2012-06-23T05:59:15","guid":{"rendered":"http:\/\/xn--pntanell-65a.de\/?p=515"},"modified":"2012-06-23T07:59:15","modified_gmt":"2012-06-23T05:59:15","slug":"fusballweltmeisterschaft-in-beelen","status":"publish","type":"post","link":"http:\/\/xn--pntanell-65a.de\/?p=515","title":{"rendered":"Fu\u00dfballweltmeisterschaft in Beelen"},"content":{"rendered":"<p>Wie der geneigte Leser ja schon wei\u00df, bin ich in Beelen aufgewachsen. Das ist ein D\u00f6rfchen in der malerischen Parklandschft am \u00f6stlichen Rande des M\u00fcnsterlandes. Dort, wo Fuchs und Hase sich nicht nur gute Nacht sagen, sondern vorher nochn Pils zusammen trinken.<\/p>\n<p>Aber ich schweife ab: Denn dieses kleine \u00d6rtchen mit seinen gut 6000 Einwohnern wird Austragungsort einer echten <a href=\"http:\/\/www.die-glocke.de\/lokalnachrichten\/kreiswarendorf\/beelen\/Gemeinde-als-sportliche-Gastgeberin-814ef497-43d2-4b84-afe2-b2c14f6afe6b-ds\">Fu\u00dfballweltmeisterschaft<\/a>. Also nicht eines Juxturniers betrunkener Hobbykanninchenz\u00fcchter, sondern die<a href=\"http:\/\/www.sportschule.bundeswehr.de\/portal\/a\/sportsbw\/!ut\/p\/c4\/JYvBDoIwEET_qLuIMepN7MWLBy6IF7NAQxphS7YrXvx42zCTTGbyMvCEZKbVj6Q-ME3wgLb35-5r4rt7xSWIxjRWJ8RRaSt4giYfB2f6wE5zqmP1KUchDWLyccrkI5KI8QO0WNgK93jATcXvWF_tvSl3pb1VNSzzfPkDEbHKZg!!\/\"> CISM Frauen Fu\u00dfballweltmeisterschaft<\/a>. Also die Fu\u00dfball-Milit\u00e4r-Weltmeisterschaft der Frauen. Und nein, das habe ich mir nicht aus den Fingern gesaugt. In Beelen wird sogar das Finale stattfinden. Und da viele Spielerinnen des deutschen Kaders zur Zeit Berufssoldatinnen sind, werden sie in die deutsche Mannschaft berufen und vielleicht ja in Beelen spielen.<\/p>\n<p>Und da ich ja heute auf dem R\u00fcckweg von B\u00fcsum \u00fcber Beelen fahre, ergibt sich vielleicht ja die M\u00f6glichkeit zum Gucken.<\/p>\n","protected":false},"excerpt":{"rendered":"<p>Wie der geneigte Leser ja schon wei\u00df, bin ich in Beelen aufgewachsen. Das ist ein D\u00f6rfchen in der malerischen Parklandschft am \u00f6stlichen Rande des M\u00fcnsterlandes. Dort, wo Fuchs und Hase sich nicht nur gute Nacht sagen, sondern vorher nochn Pils zusammen trinken. Aber ich schweife ab: Denn dieses kleine \u00d6rtchen mit seinen gut 6000 Einwohnern [&hellip;]<\/p>\n","protected":false},"author":1,"featured_media":0,"comment_status":"open","ping_status":"open","sticky":false,"template":"","format":"standard","meta":{"ngg_post_thumbnail":0},"categories":[1],"tags":[],"_links":{"self":[{"href":"http:\/\/xn--pntanell-65a.de\/index.php?rest_route=\/wp\/v2\/posts\/515"}],"collection":[{"href":"http:\/\/xn--pntanell-65a.de\/index.php?rest_route=\/wp\/v2\/posts"}],"about":[{"href":"http:\/\/xn--pntanell-65a.de\/index.php?rest_route=\/wp\/v2\/types\/post"}],"author":[{"embeddable":true,"href":"http:\/\/xn--pntanell-65a.de\/index.php?rest_route=\/wp\/v2\/users\/1"}],"replies":[{"embeddable":true,"href":"http:\/\/xn--pntanell-65a.de\/index.php?rest_route=%2Fwp%2Fv2%2Fcomments&post=515"}],"version-history":[{"count":0,"href":"http:\/\/xn--pntanell-65a.de\/index.php?rest_route=\/wp\/v2\/posts\/515\/revisions"}],"wp:attachment":[{"href":"http:\/\/xn--pntanell-65a.de\/index.php?rest_route=%2Fwp%2Fv2%2Fmedia&parent=515"}],"wp:term":[{"taxonomy":"category","embeddable":true,"href":"http:\/\/xn--pntanell-65a.de\/index.php?rest_route=%2Fwp%2Fv2%2Fcategories&post=515"},{"taxonomy":"post_tag","embeddable":true,"href":"http:\/\/xn--pntanell-65a.de\/index.php?rest_route=%2Fwp%2Fv2%2Ftags&post=515"}],"curies":[{"name":"wp","href":"https:\/\/api.w.org\/{rel}","templated":true}]}}