{"id":625,"date":"2012-08-23T09:39:28","date_gmt":"2012-08-23T07:39:28","guid":{"rendered":"http:\/\/xn--pntanell-65a.de\/?p=625"},"modified":"2012-08-23T09:39:28","modified_gmt":"2012-08-23T07:39:28","slug":"i-want-to-ride-my-bicycle","status":"publish","type":"post","link":"http:\/\/xn--pntanell-65a.de\/?p=625","title":{"rendered":"I want to ride my bicycle"},"content":{"rendered":"<p><img decoding=\"async\" title=\"IMAG0574_edit0.jpg\" class=\"alignnone\" alt=\"image\" src=\"http:\/\/xn--pntanell-65a.de\/wp-content\/uploads\/2012\/08\/wpid-IMAG0574_edit011.jpg\" \/> <\/p>\n<p>Seit dieser Woche hat sich unser Bewegungsradius extrem vergr\u00f6ssert. Denn Lina hat nun einen Fahrradsitz! Und n\u00e4t\u00fcrlich auch einen Helm. St\u00e4ndig nur zu Fu\u00df mit dem Kinderwagen durch die Gegend zu eiern ist manchmal extrem zeitaufwendig. F\u00fcr jede Strecke muss man viel mehr Zeit einplanen. Mit dem Fahrrad kann ich endlich wieder wie gewohnt durch Rheydt sausen und bin schneller da, wo ich hinwill.<\/p>\n<p>Aber bevor es soweit war, musste erstmal der Kindersitz ans Rad montiert werden. Obwohl ich ein ganz schlichtes Hollandrad habe, war das komplizierter als ich dachte und ich musste das halbe Rad auseinandernehmen, bevor der Sitz angebaut war. Unter anderem musste ich\u00a0 meinen alten Sattel wieder anbauen, weil die Federn des bequemen Sattels dem Sitz im Weg waren. In dem Zuge habe ich dann auch einen neuen Fahrradst\u00e4nder angebaut: N\u00e4mlich einen Zentraldoppels\u00e4nder statt des Seitenst\u00e4nders. So steht das Rad viel sicherer, wenn die L\u00fctte in ihrem Sitz ist.<\/p>\n<p>Auf jeden Fall findet Lina Radfahren toll. Den Helm findet sie zwar ein bi\u00dfchen doof, aber weil sie wei\u00df, dass Helmaufsetzen zum Radfahren geh\u00f6rt, ist das nicht sooo schlimm. Noch mehr als Radfahren an sich, mag Lina die Hupe an meinem Rad.<br \/>\nUnd den Kindersitz hinten merke ich beim Fahren nicht negativ.<\/p>\n<p>Aber ich muss mir noch was ausdenken, wie ich das Gep\u00e4ck nun transportiere. Denn ich habe ja nun keinen Gep\u00e4cktr\u00e4ger mehr und f\u00fcr Seitentaschen keinen Platz. Ein Korb vorne geht wegen der Handbremse nicht wirklich. Vielleicht vorne einen Gep\u00e4cktr\u00e4ger erg\u00e4nzen?<\/p>\n","protected":false},"excerpt":{"rendered":"<p>Seit dieser Woche hat sich unser Bewegungsradius extrem vergr\u00f6ssert. Denn Lina hat nun einen Fahrradsitz! Und n\u00e4t\u00fcrlich auch einen Helm. St\u00e4ndig nur zu Fu\u00df mit dem Kinderwagen durch die Gegend zu eiern ist manchmal extrem zeitaufwendig. F\u00fcr jede Strecke muss man viel mehr Zeit einplanen. Mit dem Fahrrad kann ich endlich wieder wie gewohnt durch [&hellip;]<\/p>\n","protected":false},"author":1,"featured_media":0,"comment_status":"open","ping_status":"open","sticky":false,"template":"","format":"standard","meta":{"ngg_post_thumbnail":0},"categories":[7],"tags":[],"_links":{"self":[{"href":"http:\/\/xn--pntanell-65a.de\/index.php?rest_route=\/wp\/v2\/posts\/625"}],"collection":[{"href":"http:\/\/xn--pntanell-65a.de\/index.php?rest_route=\/wp\/v2\/posts"}],"about":[{"href":"http:\/\/xn--pntanell-65a.de\/index.php?rest_route=\/wp\/v2\/types\/post"}],"author":[{"embeddable":true,"href":"http:\/\/xn--pntanell-65a.de\/index.php?rest_route=\/wp\/v2\/users\/1"}],"replies":[{"embeddable":true,"href":"http:\/\/xn--pntanell-65a.de\/index.php?rest_route=%2Fwp%2Fv2%2Fcomments&post=625"}],"version-history":[{"count":0,"href":"http:\/\/xn--pntanell-65a.de\/index.php?rest_route=\/wp\/v2\/posts\/625\/revisions"}],"wp:attachment":[{"href":"http:\/\/xn--pntanell-65a.de\/index.php?rest_route=%2Fwp%2Fv2%2Fmedia&parent=625"}],"wp:term":[{"taxonomy":"category","embeddable":true,"href":"http:\/\/xn--pntanell-65a.de\/index.php?rest_route=%2Fwp%2Fv2%2Fcategories&post=625"},{"taxonomy":"post_tag","embeddable":true,"href":"http:\/\/xn--pntanell-65a.de\/index.php?rest_route=%2Fwp%2Fv2%2Ftags&post=625"}],"curies":[{"name":"wp","href":"https:\/\/api.w.org\/{rel}","templated":true}]}}