{"id":664,"date":"2012-09-15T10:46:13","date_gmt":"2012-09-15T08:46:13","guid":{"rendered":"http:\/\/xn--pntanell-65a.de\/?p=664"},"modified":"2012-09-15T10:46:13","modified_gmt":"2012-09-15T08:46:13","slug":"sonnencreme-uberblick","status":"publish","type":"post","link":"http:\/\/xn--pntanell-65a.de\/?p=664","title":{"rendered":"Sonnencreme \u00dcberblick"},"content":{"rendered":"<p>Der Sommer ist ja zuende. Aber der n\u00e4chste Sommer oder Strandurlaub kommt ja bestimmt. Deshalb hier mein kleiner, absolut unrepr\u00e4sentativer, aber daf\u00fcr subjektiv gef\u00e4rbter \u00dcberblick \u00fcber die Sonnencremes, die ich diesen Sommer bei Lina benutzt habe.<\/p>\n<p>Lina hat eine sehr sehr helle, alabasterwei\u00dfe, sch\u00f6ne, zarte Haut. Diese muss gut gegen Sonne gesch\u00fctzt sein.<\/p>\n<p>Eigentlich sollen die Kleinen in dem Alter ja noch garnicht an die Sonne. Aber ich will schlechterdings nicht um Mitternacht einkaufen gehen. Deshalb habe ich mich im Laufe des Sommers mit verschiedenen Sonnencremes eingedeckt, die hier auf dem Bild zu finden sind. Wie gesagt: Die Auswahl ist eher zuf\u00e4llig. Auf dem Bild sind sie von links nach rechts in meiner pers\u00f6nlichen Bewertung aufgestellt: Mein Favorit also ganz rechts.<br \/>\n<img decoding=\"async\" title=\"IMAG0629.jpg\" class=\"alignnone\" alt=\"image\" src=\"http:\/\/xn--pntanell-65a.de\/wp-content\/uploads\/2012\/09\/wpid-IMAG062911.jpg\" \/> <\/p>\n<p>Ich gehe hier nicht auf den tats\u00e4chlichen Sonnenschutz des Lichtfaktors ein, sondern denke, dass diese Angabe wohl stimmen wird. Ob man nun LSF30 oder 50 w\u00e4hlt ist nebens\u00e4chlich, da der Unterschied dazwischen nur marginal ist.<\/p>\n<p>Um eine besondere Hautvertr\u00e4glichkeit sicher zu stellen, greifen die Hersteller auf mineralischen Sonnenschutz zur\u00fcck. Auf der einen Seite sieht man dann, wo man gecremt hat. Aber andererseits gibt das ziemlich fiese Flecken auf Kleidung und allem, was man hernach anfasst. Man kann die Creme auch nicht einfach mit Wasser und Seife abwaschen, sondern saut die komplette Umgebung ein.Auch wirkt Linas Gesicht dann etwas,, gespenstisch durch den wei\u00dfen Schleier.<\/p>\n<p>Deshalb sind die beiden Produkte &#8222;Kleine Elfe Baby Sonnenmilch&#8220; und &#8222;Babylove Sonnencreme&#8220; (beide von dm) bei mir leider glatt durchgefallen. Sie lassen sich schlecht verteilen und eigentlich nur daheim auftragen, wo man hinterher genug heisses Wasser und Mu\u00dfe hat, sich die klebrigen H\u00e4nde ordenlich zu reinigen.Insbesondere die Creme ist sehr z\u00e4h und l\u00e4sst sich nur schlecht verteilen. Die kleine Packung hat 1,50Euro gekostet und beinhaltet 50ml, den Preis der gr\u00f6\u00dferen Packung wei\u00df ich nicht mehr, sie beinhaltet aber 75ml.<\/p>\n<p>Besser schneidet da die Sonnenmilch von Hipp ab, die schnell einzieht und besser zu verteilen ist. Hier habe ich 200ml f\u00fcr 6Euro gekauft.<\/p>\n<p>Die Feuchtigkeitssonnencreme f\u00fcr Kinder von Rewe l\u00e4sst sich super verteilen und hinterl\u00e4sst kaum Spuren. Hat aber das kleine Manko sehr nach Alkoholzu riechen. Aber das verfliegt nach kurzer Zeit. Hier kosteten 150ml ungef\u00e4hr 5Euro.<\/p>\n<p>Mein Favorit ist &#8222;Daylong Baby&#8220; von spirig. Die bekommt man in der Apotheke und kostet f\u00fcr 50ml etwa 10Euro. Vom Geruch her ist sie eher neutral-medizinisch. Sie hat ein sehr kleines Loch, was das Dosieren sehr vereinfacht. Denn so viel Haut ist bei Lina ja noch nicht zu cremen. Sie zieht schnell ein und hinterl\u00e4sst keinen Schmierfilm auf H\u00e4nden oder Kleidung. Mein klarer Favorit, auch wenn die Creme etwas teurer als die anderen ist.<\/p>\n<p>Wie gesagt: Das ist meine v\u00f6llig subjektive Meinung ohne jeden wissenschaftlichen Hintergrund.<\/p>\n<p>Habt ihr noch weitere Erfahrungen mit Sonnenschutz f\u00fcr Kinder?<\/p>\n","protected":false},"excerpt":{"rendered":"<p>Der Sommer ist ja zuende. Aber der n\u00e4chste Sommer oder Strandurlaub kommt ja bestimmt. Deshalb hier mein kleiner, absolut unrepr\u00e4sentativer, aber daf\u00fcr subjektiv gef\u00e4rbter \u00dcberblick \u00fcber die Sonnencremes, die ich diesen Sommer bei Lina benutzt habe. Lina hat eine sehr sehr helle, alabasterwei\u00dfe, sch\u00f6ne, zarte Haut. Diese muss gut gegen Sonne gesch\u00fctzt sein. Eigentlich sollen [&hellip;]<\/p>\n","protected":false},"author":1,"featured_media":0,"comment_status":"open","ping_status":"open","sticky":false,"template":"","format":"standard","meta":{"ngg_post_thumbnail":0},"categories":[7],"tags":[],"_links":{"self":[{"href":"http:\/\/xn--pntanell-65a.de\/index.php?rest_route=\/wp\/v2\/posts\/664"}],"collection":[{"href":"http:\/\/xn--pntanell-65a.de\/index.php?rest_route=\/wp\/v2\/posts"}],"about":[{"href":"http:\/\/xn--pntanell-65a.de\/index.php?rest_route=\/wp\/v2\/types\/post"}],"author":[{"embeddable":true,"href":"http:\/\/xn--pntanell-65a.de\/index.php?rest_route=\/wp\/v2\/users\/1"}],"replies":[{"embeddable":true,"href":"http:\/\/xn--pntanell-65a.de\/index.php?rest_route=%2Fwp%2Fv2%2Fcomments&post=664"}],"version-history":[{"count":0,"href":"http:\/\/xn--pntanell-65a.de\/index.php?rest_route=\/wp\/v2\/posts\/664\/revisions"}],"wp:attachment":[{"href":"http:\/\/xn--pntanell-65a.de\/index.php?rest_route=%2Fwp%2Fv2%2Fmedia&parent=664"}],"wp:term":[{"taxonomy":"category","embeddable":true,"href":"http:\/\/xn--pntanell-65a.de\/index.php?rest_route=%2Fwp%2Fv2%2Fcategories&post=664"},{"taxonomy":"post_tag","embeddable":true,"href":"http:\/\/xn--pntanell-65a.de\/index.php?rest_route=%2Fwp%2Fv2%2Ftags&post=664"}],"curies":[{"name":"wp","href":"https:\/\/api.w.org\/{rel}","templated":true}]}}