{"id":683,"date":"2012-09-22T09:52:38","date_gmt":"2012-09-22T07:52:38","guid":{"rendered":"http:\/\/xn--pntanell-65a.de\/?p=683"},"modified":"2012-09-22T09:52:38","modified_gmt":"2012-09-22T07:52:38","slug":"gut-zu-fus-gut-zu-den-fusen","status":"publish","type":"post","link":"http:\/\/xn--pntanell-65a.de\/?p=683","title":{"rendered":"Gut zu Fu\u00df &#8211; Gut zu den F\u00fc\u00dfen?"},"content":{"rendered":"<p>Weil Lina nun Vormittags im Kindergarten ist, kann ich die Zeit ein wenig f\u00fcr mich selbst nutzen. Im Laufe des Sommers haben meine F\u00fc\u00dfe sehr gelitten und deshalb habe ich die Gelegenheit genutzt und mir einen Termin bei einer neuen Fu\u00dfpflegerin hier in Rheydt gemacht. Sie hat ihr Studio in der City-Passage in Rheydt.<\/p>\n<p>Sie hat sich heute dann meiner rauhen, trockenen, h\u00e4\u00dflichen F\u00fc\u00dfe angenommen. Nun habe ich sch\u00f6ne, glatte, gepflegte und weiche F\u00fc\u00dfe. (Gro\u00df sind sie aber immernoch.) Kann ich jedem nur empfehlen: Ich f\u00fchle mich absolut wohl.<\/p>\n<p>Die ganze Behandlung hat ungef\u00e4hr eine dreiviertel Stunde gedauert und lediglich 22Euro gekostet.<\/p>\n<p>W\u00e4hrend der Behandlung kam eine \u00e4ltere Frau herein und fragte nach dem Preis &#8211; 22Euro waren ihr aber zu hoch. Eigentlich hatte ich mit 40 &#8211; 50 Euro gerechnet. 22Euro finde ich f\u00fcr eine dreiviertel Stunde Handarbeit absolut gerechtfertigt. Und ich empfehle jedem eine solche Behandlung. Wen ich neugierig gemacht habe, der geht entweder bei ihr in der City-Passage in Rheydt vorbei (direkt hinter der Baguetterie) oder kontaktiert sie telefonisch: <strong>Ajmida Rachida; Marktstr. 23; 41236 M\u00f6nchengladbach; 02166-2799619 oder 0172-7934210<\/strong><\/p>\n","protected":false},"excerpt":{"rendered":"<p>Weil Lina nun Vormittags im Kindergarten ist, kann ich die Zeit ein wenig f\u00fcr mich selbst nutzen. Im Laufe des Sommers haben meine F\u00fc\u00dfe sehr gelitten und deshalb habe ich die Gelegenheit genutzt und mir einen Termin bei einer neuen Fu\u00dfpflegerin hier in Rheydt gemacht. Sie hat ihr Studio in der City-Passage in Rheydt. Sie [&hellip;]<\/p>\n","protected":false},"author":1,"featured_media":0,"comment_status":"open","ping_status":"open","sticky":false,"template":"","format":"standard","meta":{"ngg_post_thumbnail":0},"categories":[1],"tags":[],"_links":{"self":[{"href":"http:\/\/xn--pntanell-65a.de\/index.php?rest_route=\/wp\/v2\/posts\/683"}],"collection":[{"href":"http:\/\/xn--pntanell-65a.de\/index.php?rest_route=\/wp\/v2\/posts"}],"about":[{"href":"http:\/\/xn--pntanell-65a.de\/index.php?rest_route=\/wp\/v2\/types\/post"}],"author":[{"embeddable":true,"href":"http:\/\/xn--pntanell-65a.de\/index.php?rest_route=\/wp\/v2\/users\/1"}],"replies":[{"embeddable":true,"href":"http:\/\/xn--pntanell-65a.de\/index.php?rest_route=%2Fwp%2Fv2%2Fcomments&post=683"}],"version-history":[{"count":0,"href":"http:\/\/xn--pntanell-65a.de\/index.php?rest_route=\/wp\/v2\/posts\/683\/revisions"}],"wp:attachment":[{"href":"http:\/\/xn--pntanell-65a.de\/index.php?rest_route=%2Fwp%2Fv2%2Fmedia&parent=683"}],"wp:term":[{"taxonomy":"category","embeddable":true,"href":"http:\/\/xn--pntanell-65a.de\/index.php?rest_route=%2Fwp%2Fv2%2Fcategories&post=683"},{"taxonomy":"post_tag","embeddable":true,"href":"http:\/\/xn--pntanell-65a.de\/index.php?rest_route=%2Fwp%2Fv2%2Ftags&post=683"}],"curies":[{"name":"wp","href":"https:\/\/api.w.org\/{rel}","templated":true}]}}