{"id":762,"date":"2012-11-11T09:29:11","date_gmt":"2012-11-11T08:29:11","guid":{"rendered":"http:\/\/xn--pntanell-65a.de\/?p=762"},"modified":"2012-11-11T09:29:11","modified_gmt":"2012-11-11T08:29:11","slug":"lina-macht-blau-laternenbau","status":"publish","type":"post","link":"http:\/\/xn--pntanell-65a.de\/?p=762","title":{"rendered":"Lina macht Blau: Laternenbau"},"content":{"rendered":"<p>Heute ist ja nicht nur der Geburtstag der lieben C., sondern auch St.Martin. Und weil wir am Montag vom Kindergarten zum Laternenzug eingeladen sind, mnuss nat\u00fcrlich auch eine Laterne her. Auch wenn Lina davon noch nicht viel hat, eine eigene Laterne zu haben. Aber als Mutter hat man da so gewisse Verpflichtungen. Ich h\u00e4tte die Laterne auch im Kindergarten basteln k\u00f6nnen, aber das geht halt nur w\u00e4hrend der \u00d6ffnungszeiten und da arbeite ich f\u00fcr gemeinhin. Und in mir war vor ein paar Wochen eine Idee geboren, wie ich mit Lina zusammen(!) eine Laterne basteln kann. Denn f\u00fcr Lina w\u00e4re ja auch zu einfach, nicht wahr?<\/p>\n<p>Meine Inspiriation war Linas Vorliebe f\u00fcr Aquarien. Sie guckt gerne Fische. Ob nun im echten Aquarium oder als Bildschirmschoner.<\/p>\n<p>Also habe ich Lina mit gr\u00fcner und blauer Fingerfarbe ein St\u00fcck Transparentpapier bemalen lassen. Was f\u00fcr ein Heidenspa\u00df! Dazu habe ich auswaschbare Fingerfarbe genommen und das Kind ausgezogen. Lina fand das zuerst gar nicht lustig und hat gequengelt und sich an Muttern festgehalten, die dann auch blau-gr\u00fcn war. H\u00e4tte ich mich mal besser auch ausgezogen. Dann hat Lina doch lustig rumgematscht, wie man den Bildern entnehmen kann.<\/p>\n<p><a href=\"http:\/\/xn--pntanell-65a.de\/wp-content\/uploads\/2012\/11\/IMG_356611.jpg\"><img decoding=\"async\" loading=\"lazy\" class=\"aligncenter size-medium wp-image-764\" title=\"IMG_3566\" src=\"http:\/\/xn--pntanell-65a.de\/wp-content\/uploads\/2012\/11\/IMG_35661-224x300.jpg\" alt=\"\" width=\"224\" height=\"300\" srcset=\"http:\/\/xn--pntanell-65a.de\/wp-content\/uploads\/2012\/11\/IMG_35661-224x300.jpg 224w, http:\/\/xn--pntanell-65a.de\/wp-content\/uploads\/2012\/11\/IMG_35661-767x1024.jpg 767w, http:\/\/xn--pntanell-65a.de\/wp-content\/uploads\/2012\/11\/IMG_35661.jpg 1382w\" sizes=\"(max-width: 224px) 100vw, 224px\" \/><\/a><\/p>\n<p>Danach habe ich den Bogen genommen und passend in Form geschnitten. Ich hatte hier noch ein Laternenbastelset liegen, von dem ich dann die Befestigungsstreifen, Deckel, Boden und B\u00fcgel genommen habe. Und mein Beitrag zu der Sache waren dann einige Origamifische, die ich aus bunten Transparentpapier gefaltet habe. Nach ungef\u00e4hr dieser <a href=\"http:\/\/www.origami-world.de\/tr_fisch.gif\">Anleitung<\/a>. Diese Fische habe ich dann gro\u00dfz\u00fcgig auf dem Papier verteilt.<\/p>\n<p><a href=\"http:\/\/xn--pntanell-65a.de\/wp-content\/uploads\/2012\/11\/wpid-IMAG073911.jpg\"><img decoding=\"async\" class=\"aligncenter\" title=\"IMAG0739.jpg\" src=\"http:\/\/xn--pntanell-65a.de\/wp-content\/uploads\/2012\/11\/wpid-IMAG073911.jpg\" width=\"224\" alt=\"image\" \/><\/a><\/p>\n<p><a href=\"http:\/\/xn--pntanell-65a.de\/wp-content\/uploads\/2012\/11\/wpid-IMAG074111.jpg\"><img decoding=\"async\" class=\"aligncenter\" title=\"IMAG0741.jpg\" src=\"http:\/\/xn--pntanell-65a.de\/wp-content\/uploads\/2012\/11\/wpid-IMAG074111.jpg\" width=\"224\" alt=\"image\" \/><\/a><\/p>\n<p>Und weil wir in modernen Zeiten leben, habe ich ein elektrisches Teelicht eingebaut.<\/p>\n","protected":false},"excerpt":{"rendered":"<p>Heute ist ja nicht nur der Geburtstag der lieben C., sondern auch St.Martin. Und weil wir am Montag vom Kindergarten zum Laternenzug eingeladen sind, mnuss nat\u00fcrlich auch eine Laterne her. Auch wenn Lina davon noch nicht viel hat, eine eigene Laterne zu haben. Aber als Mutter hat man da so gewisse Verpflichtungen. Ich h\u00e4tte die [&hellip;]<\/p>\n","protected":false},"author":1,"featured_media":0,"comment_status":"open","ping_status":"open","sticky":false,"template":"","format":"standard","meta":{"ngg_post_thumbnail":0},"categories":[3],"tags":[],"_links":{"self":[{"href":"http:\/\/xn--pntanell-65a.de\/index.php?rest_route=\/wp\/v2\/posts\/762"}],"collection":[{"href":"http:\/\/xn--pntanell-65a.de\/index.php?rest_route=\/wp\/v2\/posts"}],"about":[{"href":"http:\/\/xn--pntanell-65a.de\/index.php?rest_route=\/wp\/v2\/types\/post"}],"author":[{"embeddable":true,"href":"http:\/\/xn--pntanell-65a.de\/index.php?rest_route=\/wp\/v2\/users\/1"}],"replies":[{"embeddable":true,"href":"http:\/\/xn--pntanell-65a.de\/index.php?rest_route=%2Fwp%2Fv2%2Fcomments&post=762"}],"version-history":[{"count":0,"href":"http:\/\/xn--pntanell-65a.de\/index.php?rest_route=\/wp\/v2\/posts\/762\/revisions"}],"wp:attachment":[{"href":"http:\/\/xn--pntanell-65a.de\/index.php?rest_route=%2Fwp%2Fv2%2Fmedia&parent=762"}],"wp:term":[{"taxonomy":"category","embeddable":true,"href":"http:\/\/xn--pntanell-65a.de\/index.php?rest_route=%2Fwp%2Fv2%2Fcategories&post=762"},{"taxonomy":"post_tag","embeddable":true,"href":"http:\/\/xn--pntanell-65a.de\/index.php?rest_route=%2Fwp%2Fv2%2Ftags&post=762"}],"curies":[{"name":"wp","href":"https:\/\/api.w.org\/{rel}","templated":true}]}}