{"id":773,"date":"2012-11-13T10:21:43","date_gmt":"2012-11-13T09:21:43","guid":{"rendered":"http:\/\/xn--pntanell-65a.de\/?p=773"},"modified":"2012-11-13T10:21:43","modified_gmt":"2012-11-13T09:21:43","slug":"stutenmann-weckkerl-oder-so-ahnlich","status":"publish","type":"post","link":"http:\/\/xn--pntanell-65a.de\/?p=773","title":{"rendered":"Stutenmann &#8211; Weckkerl oder so \u00e4hnlich"},"content":{"rendered":"<p>Am Sonntag war Sankt Martin und gestern war der dazu passende Umzug vom Kindergarten. So richtig mit Martin im roten Mantel auf einem echten Pferd (ein recht kleiner, aber sehr gelassender Kaltbl\u00fcter) und einer Blaskapelle.<br \/>\nIch hatte f\u00fcr\/mit Lina ja eine Laterne <a title=\"Lina macht Blau: Laternenbau\" href=\"http:\/\/xn--pntanell-65a.de\/?p=762\">gebastelt <\/a>und diese kam zum Einsatz. Man versammelte sich gegen 17.15Uhr am Kindergarten und dann ging s zum Leidwesen der Autofahrer durch die umliegenden Stra\u00dfen zur\u00fcck zum Kindergarten unter Gesang mit musikalischer Unterst\u00fctzung. Im Kindergartengarten wurde dann im Lagerfeuerschein der Mantel mit einem armen Bettlerlein geteilt. Den Umzug an sich fand Lina nicht ganz so toll, weil sie im Moment im  Dunkeln draussen recht viel Angst hat. Also sass sie die meiste Zeit auf  meinem Arm. Aber das Lagerfeuer fand sie sehr sehr spannend. Hernach gab es Kakao und Gl\u00fchwein und f\u00fcr alle Kinder einen Weckmann. Der bei uns nunmal Stutenkerl heisst.<br \/>\nObwohl ich nun ja keine 200km von meinem Elternhaus entfernt wohne, so sind hier die Martinsbr\u00e4uche doch anders, als bei uns: Die Laternenumz\u00fcge mit Kind und Kegel gibt es bei uns nicht in dieser Form. Aber daf\u00fcr ziehen die Kinder in kleinen Truppen durch die Nachbarschaft, singen mit schiefer Stimme den Nachbarn Lieder vor und bekommen zum Dank S\u00fc\u00dfigkeiten und Mandarinen. Oder eben Stutenkerle.<\/p>\n<p>Aber das wichtigste an der ganzen Sache ist, dass Lina das Hefegeb\u00e4ck sehr sehr gut schmeckt.<\/p>\n","protected":false},"excerpt":{"rendered":"<p>Am Sonntag war Sankt Martin und gestern war der dazu passende Umzug vom Kindergarten. So richtig mit Martin im roten Mantel auf einem echten Pferd (ein recht kleiner, aber sehr gelassender Kaltbl\u00fcter) und einer Blaskapelle. Ich hatte f\u00fcr\/mit Lina ja eine Laterne gebastelt und diese kam zum Einsatz. Man versammelte sich gegen 17.15Uhr am Kindergarten [&hellip;]<\/p>\n","protected":false},"author":1,"featured_media":0,"comment_status":"open","ping_status":"open","sticky":false,"template":"","format":"standard","meta":{"ngg_post_thumbnail":0},"categories":[1],"tags":[],"_links":{"self":[{"href":"http:\/\/xn--pntanell-65a.de\/index.php?rest_route=\/wp\/v2\/posts\/773"}],"collection":[{"href":"http:\/\/xn--pntanell-65a.de\/index.php?rest_route=\/wp\/v2\/posts"}],"about":[{"href":"http:\/\/xn--pntanell-65a.de\/index.php?rest_route=\/wp\/v2\/types\/post"}],"author":[{"embeddable":true,"href":"http:\/\/xn--pntanell-65a.de\/index.php?rest_route=\/wp\/v2\/users\/1"}],"replies":[{"embeddable":true,"href":"http:\/\/xn--pntanell-65a.de\/index.php?rest_route=%2Fwp%2Fv2%2Fcomments&post=773"}],"version-history":[{"count":0,"href":"http:\/\/xn--pntanell-65a.de\/index.php?rest_route=\/wp\/v2\/posts\/773\/revisions"}],"wp:attachment":[{"href":"http:\/\/xn--pntanell-65a.de\/index.php?rest_route=%2Fwp%2Fv2%2Fmedia&parent=773"}],"wp:term":[{"taxonomy":"category","embeddable":true,"href":"http:\/\/xn--pntanell-65a.de\/index.php?rest_route=%2Fwp%2Fv2%2Fcategories&post=773"},{"taxonomy":"post_tag","embeddable":true,"href":"http:\/\/xn--pntanell-65a.de\/index.php?rest_route=%2Fwp%2Fv2%2Ftags&post=773"}],"curies":[{"name":"wp","href":"https:\/\/api.w.org\/{rel}","templated":true}]}}